{"id":57728,"date":"2025-03-12T09:01:23","date_gmt":"2025-03-12T12:01:23","guid":{"rendered":"https:\/\/www.sincomam.org.br\/?p=57728"},"modified":"2025-03-12T09:01:23","modified_gmt":"2025-03-12T12:01:23","slug":"porto-de-itajai-retoma-profundidade-ideal-e-entra-em-novo-ciclo-de-crescimento","status":"publish","type":"post","link":"https:\/\/www.sincomam.org.br\/index.php\/porto-de-itajai-retoma-profundidade-ideal-e-entra-em-novo-ciclo-de-crescimento\/","title":{"rendered":"Porto de Itaja\u00ed retoma profundidade ideal e entra em novo ciclo de crescimento"},"content":{"rendered":"<p>O Porto de Itaja\u00ed avan\u00e7ou de maneira significativa rumo \u00e0 recupera\u00e7\u00e3o de sua capacidade total de opera\u00e7\u00e3o. Com a conclus\u00e3o da dragagem de manuten\u00e7\u00e3o realizada pela Autoridade Portu\u00e1ria de Santos (APS), e a homologa\u00e7\u00e3o das novas profundidades pela Marinha do Brasil, o complexo volta a operar com seguran\u00e7a.<\/p>\n<p>Desde que passou a ser administrado pelo Governo Federal em janeiro de 2025, o Porto de Itaja\u00ed recebeu aten\u00e7\u00e3o imediata para uma de suas principais necessidades: a dragagem de manuten\u00e7\u00e3o.<\/p>\n<p>Em menos de dois meses, a APS finalizou os servi\u00e7os de dragagem nos canais interno e externo, nas bacias de evolu\u00e7\u00e3o e nos ber\u00e7os de atraca\u00e7\u00e3o, utilizando a draga Utrecht, com capacidade para aproximadamente 18 mil m\u00b3.<\/p>\n<p>A conclus\u00e3o dos trabalhos foi validada pela Marinha do Brasil no final de fevereiro, que confirmou as novas profundidades: 13,5 metros no canal interno e 14 metros no canal externo. Esses ajustes restabelecem as condi\u00e7\u00f5es ideais para a movimenta\u00e7\u00e3o de cargas, aumentando a seguran\u00e7a e a efici\u00eancia das opera\u00e7\u00f5es.<\/p>\n<p>\u201cEste era um desafio t\u00e9cnico significativo. A dragagem \u00e9 essencial para garantir a excel\u00eancia operacional do porto, e \u00e9 gratificante ver esse progresso t\u00e3o cedo na nova gest\u00e3o\u201d, destacou Anderson Pomini, presidente da APS.<\/p>\n<p><strong>Reintegra\u00e7\u00e3o<\/strong><\/p>\n<p>A dragagem simboliza o renascimento do Porto de Itaja\u00ed que, ap\u00f3s um processo de di\u00e1logo com o setor portu\u00e1rio, retorna \u00e0 administra\u00e7\u00e3o do Governo Federal. A transi\u00e7\u00e3o, conclu\u00edda no final de janeiro, colocou a gest\u00e3o nas m\u00e3os da APS, respons\u00e1vel tamb\u00e9m pelo Porto de Santos, o maior da Am\u00e9rica Latina.<\/p>\n<p>O Ministro de Portos e Aeroportos, Silvio Costa Filho, reafirmou o compromisso com o desenvolvimento da regi\u00e3o. \u201cEstamos empenhados em devolver a Itaja\u00ed o protagonismo que sempre teve, ampliando sua capacidade log\u00edstica, fortalecendo a economia local e gerando empregos e renda para a popula\u00e7\u00e3o\u201d, afirmou.<\/p>\n<p>Mesmo sob a gest\u00e3o da APS, todos os recursos gerados pelas tarifas e opera\u00e7\u00f5es portu\u00e1rias permanecem no munic\u00edpio, estimulando a economia catarinense e contribuindo para o desenvolvimento da infraestrutura e servi\u00e7os locais.<\/p>\n<p>Fonte: Portos e Navios<\/p>\n","protected":false},"excerpt":{"rendered":"<p>O Porto de Itaja\u00ed avan\u00e7ou de maneira significativa rumo \u00e0 recupera\u00e7\u00e3o de sua capacidade total de opera\u00e7\u00e3o. Com a conclus\u00e3o da dragagem de manuten\u00e7\u00e3o realizada&#8230;<\/p>\n","protected":false},"author":1527,"featured_media":57730,"comment_status":"closed","ping_status":"closed","sticky":false,"template":"","format":"standard","meta":{"footnotes":""},"categories":[6],"tags":[],"class_list":["post-57728","post","type-post","status-publish","format-standard","has-post-thumbnail","hentry","category-noticias"],"_links":{"self":[{"href":"https:\/\/www.sincomam.org.br\/index.php\/wp-json\/wp\/v2\/posts\/57728","targetHints":{"allow":["GET"]}}],"collection":[{"href":"https:\/\/www.sincomam.org.br\/index.php\/wp-json\/wp\/v2\/posts"}],"about":[{"href":"https:\/\/www.sincomam.org.br\/index.php\/wp-json\/wp\/v2\/types\/post"}],"author":[{"embeddable":true,"href":"https:\/\/www.sincomam.org.br\/index.php\/wp-json\/wp\/v2\/users\/1527"}],"replies":[{"embeddable":true,"href":"https:\/\/www.sincomam.org.br\/index.php\/wp-json\/wp\/v2\/comments?post=57728"}],"version-history":[{"count":1,"href":"https:\/\/www.sincomam.org.br\/index.php\/wp-json\/wp\/v2\/posts\/57728\/revisions"}],"predecessor-version":[{"id":57731,"href":"https:\/\/www.sincomam.org.br\/index.php\/wp-json\/wp\/v2\/posts\/57728\/revisions\/57731"}],"wp:featuredmedia":[{"embeddable":true,"href":"https:\/\/www.sincomam.org.br\/index.php\/wp-json\/wp\/v2\/media\/57730"}],"wp:attachment":[{"href":"https:\/\/www.sincomam.org.br\/index.php\/wp-json\/wp\/v2\/media?parent=57728"}],"wp:term":[{"taxonomy":"category","embeddable":true,"href":"https:\/\/www.sincomam.org.br\/index.php\/wp-json\/wp\/v2\/categories?post=57728"},{"taxonomy":"post_tag","embeddable":true,"href":"https:\/\/www.sincomam.org.br\/index.php\/wp-json\/wp\/v2\/tags?post=57728"}],"curies":[{"name":"wp","href":"https:\/\/api.w.org\/{rel}","templated":true}]}}