{"id":57724,"date":"2025-03-12T09:00:33","date_gmt":"2025-03-12T12:00:33","guid":{"rendered":"https:\/\/www.sincomam.org.br\/?p=57724"},"modified":"2025-03-12T09:00:34","modified_gmt":"2025-03-12T12:00:34","slug":"instituto-portonave-inicia-programa-de-qualificacao-profissional-gratuito-para-jovens","status":"publish","type":"post","link":"https:\/\/www.sincomam.org.br\/index.php\/instituto-portonave-inicia-programa-de-qualificacao-profissional-gratuito-para-jovens\/","title":{"rendered":"Instituto Portonave inicia programa de qualifica\u00e7\u00e3o profissional gratuito para jovens"},"content":{"rendered":"<p>Com o objetivo de proporcionar uma vis\u00e3o ampla sobre o mercado de trabalho, a profiss\u00e3o portu\u00e1ria e o setor log\u00edstico para adolescentes da comunidade, o Terminal realiza novamente o \u201cEmbarca A\u00ed\u201d, desenvolvido em parceria com o Instituto Crescer. O programa \u00e9 realizado com alunos de 16 a 18 anos, que cursam o 2\u00b0 ano do ensino m\u00e9dio em escolas estaduais de Navegantes. Durante nove meses, os 50 estudantes ter\u00e3o aulas no contraturno escolar, de segunda a quinta-feira, nas escolas de educa\u00e7\u00e3o b\u00e1sica Prof.\u00aa J\u00falia Miranda de Souza, no Centro, e Prof.\u00aa Daniela Pereira, no Gravat\u00e1, com carga hor\u00e1ria total de 720 horas. Uma vez ao m\u00eas, \u00e0s sextas-feiras, eles visitar\u00e3o a Portonave e ter\u00e3o aulas com profissionais da Companhia. A primeira visita est\u00e1 marcada para esta sexta-feira (14).<\/p>\n<p>Nesta ter\u00e7a-feira (11), mais uma reuni\u00e3o das equipes do Instituto Portonave \u2013 instituto social da empresa \u2013 e Instituto Crescer est\u00e1 marcada com os pais dos estudantes selecionados. Assim, eles ter\u00e3o a oportunidade de estarem mais pr\u00f3ximos, durante todo per\u00edodo. No in\u00edcio do ano, o programa foi divulgado nas duas escolas e os candidatos interessados foram escolhidos com base em crit\u00e9rios socioecon\u00f4micos e avalia\u00e7\u00e3o escrita.<\/p>\n<p>Das 50 vagas dispon\u00edveis, 10 foram destinadas a adolescentes de outras unidades escolares, atendidos pelo Centro de Refer\u00eancia de Assist\u00eancia Social (CRAS), Centro de Refer\u00eancia Especializado de Assist\u00eancia Social (CREAS) ou que vivem em abrigos do munic\u00edpio. O objetivo do Instituto Portonave \u00e9, a cada ano, realizar a\u00e7\u00f5es em outras escolas e, assim, se aproximar de diferentes comunidades.<\/p>\n<p>A matriz curricular do Embarca A\u00ed possui os pilares de Comunica\u00e7\u00e3o Oral e Escrita, Mundo do Trabalho, Desenvolvimento Profissional e Empregabilidade e Tecnologias. Na Companhia, profissionais volunt\u00e1rios do Instituto Portonave, de diversos departamentos, abordar\u00e3o temas como: opera\u00e7\u00e3o do Terminal, equipamentos, log\u00edstica portu\u00e1ria, tecnologia da informa\u00e7\u00e3o, seguran\u00e7a portu\u00e1ria e do trabalho, meio ambiente, manuten\u00e7\u00e3o, gest\u00e3o financeira, sa\u00fade mental e sustentabilidade.<\/p>\n<p><strong>Participa\u00e7\u00e3o ativa local<\/strong><\/p>\n<p>O Instituto Portonave impulsiona o desenvolvimento sustent\u00e1vel das comunidades nas quais a empresa est\u00e1 inserida, e apoia a transforma\u00e7\u00e3o positiva dos territ\u00f3rios com foco na redu\u00e7\u00e3o das desigualdades sociais. Em 2024, a Companhia realizou e apoiou 50 iniciativas. Foram R$ 10,5 milh\u00f5es investidos de modo direto e via as leis de incentivo fiscal. No ano passado, 66 jovens foram capacitados na primeira edi\u00e7\u00e3o do Programa Embarca A\u00ed, desses alguns foram selecionados para o Programa Jovem Aprendiz no Terminal. O programa contribui para o avan\u00e7o das metas globais da Organiza\u00e7\u00e3o das Na\u00e7\u00f5es Unidas (ONU), em espec\u00edfico, os Objetivos de Desenvolvimento Sustent\u00e1vel 4 (Educa\u00e7\u00e3o de Qualidade) e 10 (Redu\u00e7\u00e3o das Desigualdades).<\/p>\n<p><strong>Instituto Crescer<\/strong><\/p>\n<p>O Instituto Crescer desenvolve projetos e programas com foco na qualifica\u00e7\u00e3o profissional de jovens e adolescentes que se encontrem prioritariamente em situa\u00e7\u00e3o de vulnerabilidade social. As a\u00e7\u00f5es s\u00e3o realizadas em parceria com companhias e institui\u00e7\u00f5es da regi\u00e3o. O prop\u00f3sito \u00e9 a inclus\u00e3o dos jovens no mundo de trabalho por meio dos Programas Jovem Aprendiz e Est\u00e1gios, e oportunidades iniciais CLT.<\/p>\n<p><strong>Sobre a Portonave<\/strong><\/p>\n<p>A empresa est\u00e1 localizada em Navegantes, litoral Norte de Santa Catarina, e iniciou suas atividades em 2007 como primeiro terminal portu\u00e1rio privado do Brasil. Atualmente, s\u00e3o 1,3 mil profissionais diretos e 5,5 mil indiretos. Segundo a Ag\u00eancia Nacional de Transportes Aquavi\u00e1rios (ANTAQ), foi o mais eficiente em produtividade de navio no ano de 2024. Al\u00e9m do destaque pela excel\u00eancia operacional, a Companhia est\u00e1 comprometida com as pr\u00e1ticas ESG com a\u00e7\u00f5es e iniciativas voltadas aos aspectos ambientais e sociais.<\/p>\n<p>Fonte: Informativo dos Portos<\/p>\n","protected":false},"excerpt":{"rendered":"<p>Com o objetivo de proporcionar uma vis\u00e3o ampla sobre o mercado de trabalho, a profiss\u00e3o portu\u00e1ria e o setor log\u00edstico para adolescentes da comunidade, o&#8230;<\/p>\n","protected":false},"author":1527,"featured_media":57726,"comment_status":"closed","ping_status":"closed","sticky":false,"template":"","format":"standard","meta":{"footnotes":""},"categories":[6],"tags":[],"class_list":["post-57724","post","type-post","status-publish","format-standard","has-post-thumbnail","hentry","category-noticias"],"_links":{"self":[{"href":"https:\/\/www.sincomam.org.br\/index.php\/wp-json\/wp\/v2\/posts\/57724","targetHints":{"allow":["GET"]}}],"collection":[{"href":"https:\/\/www.sincomam.org.br\/index.php\/wp-json\/wp\/v2\/posts"}],"about":[{"href":"https:\/\/www.sincomam.org.br\/index.php\/wp-json\/wp\/v2\/types\/post"}],"author":[{"embeddable":true,"href":"https:\/\/www.sincomam.org.br\/index.php\/wp-json\/wp\/v2\/users\/1527"}],"replies":[{"embeddable":true,"href":"https:\/\/www.sincomam.org.br\/index.php\/wp-json\/wp\/v2\/comments?post=57724"}],"version-history":[{"count":1,"href":"https:\/\/www.sincomam.org.br\/index.php\/wp-json\/wp\/v2\/posts\/57724\/revisions"}],"predecessor-version":[{"id":57727,"href":"https:\/\/www.sincomam.org.br\/index.php\/wp-json\/wp\/v2\/posts\/57724\/revisions\/57727"}],"wp:featuredmedia":[{"embeddable":true,"href":"https:\/\/www.sincomam.org.br\/index.php\/wp-json\/wp\/v2\/media\/57726"}],"wp:attachment":[{"href":"https:\/\/www.sincomam.org.br\/index.php\/wp-json\/wp\/v2\/media?parent=57724"}],"wp:term":[{"taxonomy":"category","embeddable":true,"href":"https:\/\/www.sincomam.org.br\/index.php\/wp-json\/wp\/v2\/categories?post=57724"},{"taxonomy":"post_tag","embeddable":true,"href":"https:\/\/www.sincomam.org.br\/index.php\/wp-json\/wp\/v2\/tags?post=57724"}],"curies":[{"name":"wp","href":"https:\/\/api.w.org\/{rel}","templated":true}]}}