{"id":57720,"date":"2025-03-12T08:56:02","date_gmt":"2025-03-12T11:56:02","guid":{"rendered":"https:\/\/www.sincomam.org.br\/?p=57720"},"modified":"2025-03-12T08:56:05","modified_gmt":"2025-03-12T11:56:05","slug":"antaq-realiza-primeira-visita-tecnica-do-ano-no-maranhao","status":"publish","type":"post","link":"https:\/\/www.sincomam.org.br\/index.php\/antaq-realiza-primeira-visita-tecnica-do-ano-no-maranhao\/","title":{"rendered":"ANTAQ realiza primeira visita t\u00e9cnica do ano no Maranh\u00e3o"},"content":{"rendered":"<p dir=\"ltr\">\u00a0O diretor-geral substituto, Caio Farias, e o diretor, Alber Vasconcelos, realizaram a primeira visita institucional da Ag\u00eancia Nacional de Transportes Aquavi\u00e1rios (ANTAQ) do ano. Eles estiveram no Porto do Itaqui, localizado no Maranh\u00e3o.<\/p>\n<p dir=\"ltr\">Ao longo dos dois dias de visita, segunda-feira (10) e ter\u00e7a-feira (11), foram feitas reuni\u00f5es com representantes da Empresa Maranhense de Administra\u00e7\u00e3o Portu\u00e1ria (EMAP) e com as arrendat\u00e1rias dos terminais portu\u00e1rios locais.<\/p>\n<p dir=\"ltr\">Na oportunidade, a autoridade portu\u00e1ria fez apresenta\u00e7\u00f5es sobre o manifold &#8211; um sistema de dutos que auxilia no escoamento de gran\u00e9is l\u00edquidos -, que fica no Porto do Itaqui e, tamb\u00e9m, sobre o estudo de capacidade do porto.<\/p>\n<p dir=\"ltr\">A visita t\u00e9cnica auxiliou no fortalecimento do di\u00e1logo entre as duas institui\u00e7\u00f5es e vai subsidiar a\u00e7\u00f5es de crescimento do porto de maneira sustent\u00e1vel e eficiente ao longo dos pr\u00f3ximos anos. Tamb\u00e9m participaram das reuni\u00f5es, o superintendente de Outorgas da ANTAQ, Renildo Barros, e representantes da Unidade Regional de S\u00e3o Lu\u00eds (MA).<\/p>\n<p dir=\"ltr\">Fonte: Antaq<\/p>\n","protected":false},"excerpt":{"rendered":"<p>\u00a0O diretor-geral substituto, Caio Farias, e o diretor, Alber Vasconcelos, realizaram a primeira visita institucional da Ag\u00eancia Nacional de Transportes Aquavi\u00e1rios (ANTAQ) do ano. Eles&#8230;<\/p>\n","protected":false},"author":1527,"featured_media":57722,"comment_status":"closed","ping_status":"closed","sticky":false,"template":"","format":"standard","meta":{"footnotes":""},"categories":[6],"tags":[],"class_list":["post-57720","post","type-post","status-publish","format-standard","has-post-thumbnail","hentry","category-noticias"],"_links":{"self":[{"href":"https:\/\/www.sincomam.org.br\/index.php\/wp-json\/wp\/v2\/posts\/57720","targetHints":{"allow":["GET"]}}],"collection":[{"href":"https:\/\/www.sincomam.org.br\/index.php\/wp-json\/wp\/v2\/posts"}],"about":[{"href":"https:\/\/www.sincomam.org.br\/index.php\/wp-json\/wp\/v2\/types\/post"}],"author":[{"embeddable":true,"href":"https:\/\/www.sincomam.org.br\/index.php\/wp-json\/wp\/v2\/users\/1527"}],"replies":[{"embeddable":true,"href":"https:\/\/www.sincomam.org.br\/index.php\/wp-json\/wp\/v2\/comments?post=57720"}],"version-history":[{"count":1,"href":"https:\/\/www.sincomam.org.br\/index.php\/wp-json\/wp\/v2\/posts\/57720\/revisions"}],"predecessor-version":[{"id":57723,"href":"https:\/\/www.sincomam.org.br\/index.php\/wp-json\/wp\/v2\/posts\/57720\/revisions\/57723"}],"wp:featuredmedia":[{"embeddable":true,"href":"https:\/\/www.sincomam.org.br\/index.php\/wp-json\/wp\/v2\/media\/57722"}],"wp:attachment":[{"href":"https:\/\/www.sincomam.org.br\/index.php\/wp-json\/wp\/v2\/media?parent=57720"}],"wp:term":[{"taxonomy":"category","embeddable":true,"href":"https:\/\/www.sincomam.org.br\/index.php\/wp-json\/wp\/v2\/categories?post=57720"},{"taxonomy":"post_tag","embeddable":true,"href":"https:\/\/www.sincomam.org.br\/index.php\/wp-json\/wp\/v2\/tags?post=57720"}],"curies":[{"name":"wp","href":"https:\/\/api.w.org\/{rel}","templated":true}]}}