{"id":5771,"date":"2014-05-30T08:20:06","date_gmt":"2014-05-30T11:20:06","guid":{"rendered":"http:\/\/www.sincomam.org.br\/?p=5771"},"modified":"2014-05-29T19:50:05","modified_gmt":"2014-05-29T22:50:05","slug":"antaq-destaca-avancos-da-cabotagem","status":"publish","type":"post","link":"https:\/\/www.sincomam.org.br\/index.php\/antaq-destaca-avancos-da-cabotagem\/","title":{"rendered":"Antaq destaca avan\u00e7os da cabotagem"},"content":{"rendered":"<p><strong><em>Tokarski, destacou o crescimento do transporte hidrovi\u00e1rio de cargas e passageiros na Amaz\u00f4nia<\/em><\/strong><\/p>\n<p>O diretor da Antaq (Ag\u00eancia Nacional de Transportes Aquavi\u00e1rios), Adalberto Tokarski, destacou o crescimento do transporte hidrovi\u00e1rio de cargas e passageiros na Amaz\u00f4nia. O diretor tra\u00e7ou um panorama das hidrovias na Regi\u00e3o Norte, ao falar sobre seguran\u00e7a da navega\u00e7\u00e3o e sobre o transporte fluvial na Regi\u00e3o Amaz\u00f4nica.<\/p>\n<p>Segundo Tokarski, cerca de seis novos projetos para instala\u00e7\u00e3o de esta\u00e7\u00f5es de transbordo de carga est\u00e3o buscando autoriza\u00e7\u00e3o da ag\u00eancia e dever\u00e3o se juntar aos terminais de gr\u00e3os da Bunge em Miritituba e Barcarena, no Par\u00e1, elevando a capacidade de transporte e escoamento da produ\u00e7\u00e3o agr\u00edcola do Centro-Oeste pelos portos do Norte do pa\u00eds.<\/p>\n<p>No caso do complexo portu\u00e1rio da Bunge, inaugurado no m\u00eas passado, a expectativa, de acordo com ele, \u00e9 que j\u00e1 neste ano a movimenta\u00e7\u00e3o alcance 2 milh\u00f5es de toneladas de soja, que ser\u00e3o transportados da Esta\u00e7\u00e3o de Transbordo de Miritituba at\u00e9 o terminal da empresa no Porto de Vila do Conde, em Barcarena, percorrendo mil quil\u00f4metros atrav\u00e9s da Hidrovia do Tapaj\u00f3s.<\/p>\n<p>Com a inclus\u00e3o dos novos terminais, a expectativa para o ano que vem \u00e9 que o transporte de gr\u00e3os saindo pelos portos do Norte atinja 4 milh\u00f5es de toneladas. Com rela\u00e7\u00e3o ao transporte de passageiros na Amaz\u00f4nia, Tokarski informou que est\u00e1 sendo contratada uma nova coopera\u00e7\u00e3o com a Universidade Federal do Par\u00e1, para dar continuidade ao estudo inicial.<\/p>\n<p>Fonte: Guia Mar\u00edtimo<\/p>\n","protected":false},"excerpt":{"rendered":"<p>Tokarski, destacou o crescimento do transporte hidrovi\u00e1rio de cargas e passageiros na Amaz\u00f4nia O diretor da Antaq (Ag\u00eancia Nacional de Transportes Aquavi\u00e1rios), Adalberto Tokarski, destacou&#8230;<\/p>\n","protected":false},"author":1182,"featured_media":3530,"comment_status":"closed","ping_status":"closed","sticky":false,"template":"","format":"standard","meta":{"footnotes":""},"categories":[6],"tags":[248,301,191,1265,225,189],"class_list":["post-5771","post","type-post","status-publish","format-standard","has-post-thumbnail","hentry","category-noticias","tag-amazonas","tag-antaq","tag-cargas","tag-hidroviario","tag-passageiros","tag-transporte"],"_links":{"self":[{"href":"https:\/\/www.sincomam.org.br\/index.php\/wp-json\/wp\/v2\/posts\/5771","targetHints":{"allow":["GET"]}}],"collection":[{"href":"https:\/\/www.sincomam.org.br\/index.php\/wp-json\/wp\/v2\/posts"}],"about":[{"href":"https:\/\/www.sincomam.org.br\/index.php\/wp-json\/wp\/v2\/types\/post"}],"author":[{"embeddable":true,"href":"https:\/\/www.sincomam.org.br\/index.php\/wp-json\/wp\/v2\/users\/1182"}],"replies":[{"embeddable":true,"href":"https:\/\/www.sincomam.org.br\/index.php\/wp-json\/wp\/v2\/comments?post=5771"}],"version-history":[{"count":2,"href":"https:\/\/www.sincomam.org.br\/index.php\/wp-json\/wp\/v2\/posts\/5771\/revisions"}],"predecessor-version":[{"id":5774,"href":"https:\/\/www.sincomam.org.br\/index.php\/wp-json\/wp\/v2\/posts\/5771\/revisions\/5774"}],"wp:featuredmedia":[{"embeddable":true,"href":"https:\/\/www.sincomam.org.br\/index.php\/wp-json\/wp\/v2\/media\/3530"}],"wp:attachment":[{"href":"https:\/\/www.sincomam.org.br\/index.php\/wp-json\/wp\/v2\/media?parent=5771"}],"wp:term":[{"taxonomy":"category","embeddable":true,"href":"https:\/\/www.sincomam.org.br\/index.php\/wp-json\/wp\/v2\/categories?post=5771"},{"taxonomy":"post_tag","embeddable":true,"href":"https:\/\/www.sincomam.org.br\/index.php\/wp-json\/wp\/v2\/tags?post=5771"}],"curies":[{"name":"wp","href":"https:\/\/api.w.org\/{rel}","templated":true}]}}