{"id":57673,"date":"2025-03-10T01:32:32","date_gmt":"2025-03-10T04:32:32","guid":{"rendered":"https:\/\/www.sincomam.org.br\/?p=57673"},"modified":"2025-03-10T01:32:39","modified_gmt":"2025-03-10T04:32:39","slug":"pagamento-especial-do-saque-aniversario-do-fgts-continua-hoje","status":"publish","type":"post","link":"https:\/\/www.sincomam.org.br\/index.php\/pagamento-especial-do-saque-aniversario-do-fgts-continua-hoje\/","title":{"rendered":"Pagamento especial do saque-anivers\u00e1rio do FGTS continua hoje"},"content":{"rendered":"<p>Os trabalhadores que aderiram ao saque-anivers\u00e1rio do Fundo de Garantia do Tempo de Servi\u00e7o (FGTS) e foram demitidos sem justa causa de janeiro de 2020 at\u00e9 o fim de fevereiro deste ano,\u00a0continuam a receber, nesta sexta-feira (7), o saldo integral dos dep\u00f3sitos dos antigos empregadores. O dinheiro estava bloqueado para quem optou por essa modalidade de saque, mas foi liberado por uma\u00a0<a href=\"https:\/\/www.in.gov.br\/web\/dou\/-\/medida-provisoria-n-1.290-de-28-de-fevereiro-de-2025-615734004\" target=\"_blank\" rel=\"noopener\">medida provis\u00f3ria (MP)<\/a>.<img decoding=\"async\" src=\"https:\/\/agenciabrasil.ebc.com.br\/ebc.png?id=1633509&amp;o=node\" \/><img decoding=\"async\" src=\"https:\/\/agenciabrasil.ebc.com.br\/ebc.gif?id=1633509&amp;o=node\" \/><\/p>\n<p>Recebem nesta sexta-feira os trabalhadores nascidos em maio, junho, julho e agosto.\u00a0Nesta etapa ser\u00e3o feitos pagamentos de at\u00e9 R$ 3 mil. Quem tem saldo retido maior que esse valor receber\u00e1 a diferen\u00e7a em junho.<\/p>\n<p>A MP que permitiu o saque antecipado foi publicada na sexta-feira (28) no\u00a0<em>Di\u00e1rio Oficial da Uni\u00e3o<\/em>.\u00a0O governo esclareceu que a MP \u00e9 excepcional e retroativa, n\u00e3o beneficiando os futuros demitidos.<\/p>\n<p>Ao todo, ser\u00e3o beneficiados 12,1 milh\u00f5es de trabalhadores, que\u00a0receber\u00e3o R$ 12 bilh\u00f5es.<\/p>\n<p>Os trabalhadores dispensados sem justa causa a partir de mar\u00e7o e que optaram pelo saque-anivers\u00e1rio continuar\u00e3o a ter o saldo retido, recebendo apenas a multa rescis\u00f3ria de 40%.\u00a0As demais regras do saque-anivers\u00e1rio n\u00e3o foram alteradas.<\/p>\n<p>Dos 12,1 milh\u00f5es de trabalhadores beneficiados,\u00a0apenas 2,5 milh\u00f5es v\u00e3o ter direito ao saldo integral dos dep\u00f3sitos feitos pelos antigos empregadores no FGTS. Os 9,6 milh\u00f5es restantes ter\u00e3o descontada a antecipa\u00e7\u00e3o do saque-anivers\u00e1rio, tipo de empr\u00e9stimo oferecido por institui\u00e7\u00f5es financeiras.<\/p>\n<p>O dinheiro ser\u00e1 pago pela Caixa Econ\u00f4mica Federal em duas etapas: uma em mar\u00e7o e outra em junho. Quem cadastrou a conta banc\u00e1ria no aplicativo FGTS, cerca de 85% do p\u00fablico-alvo, receber\u00e1 independentemente do m\u00eas de nascimento.<\/p>\n<h2>Calend\u00e1rio<\/h2>\n<p><strong>Valores at\u00e9 R$ 3 mil<\/strong><\/p>\n<ul>\n<li>\u00a0\u00a0 \u00a0 6 de marc\u0327o: nascidos em janeiro, fevereiro, marc\u0327o e abril e quem vinculou a conta banc\u00e1ria ao aplicativo FGTS;<\/li>\n<li>\u00a0\u00a0 \u00a0 7 de marc\u0327o: nascidos em maio, junho, julho e agosto;<\/li>\n<li>\u00a0\u00a0 \u00a0 10 de marc\u0327o: nascidos em setembro, outubro, novembro e dezembro.<\/li>\n<\/ul>\n<p><strong>Valores acima de R$ 3 mil<\/strong><\/p>\n<ul>\n<li>\u00a0\u00a0 \u00a0 Diferen\u00e7a entre os R$ 3 mil sacados em mar\u00e7o e o restante do saldo bloqueado;<\/li>\n<li>\u00a0\u00a0 \u00a0 17 de junho: nascidos janeiro, fevereiro, marc\u0327o e abril e nascidos em janeiro, fevereiro, marc\u0327o e abril e quem vinculou a conta banc\u00e1ria ao aplicativo FGTS;<\/li>\n<li>\u00a0\u00a0 \u00a0 18 de junho: nascidos em maio, junho, julho e agosto;<\/li>\n<li>\u00a0\u00a0\u00a0\u00a0 20 de junho: nascidos em setembro, outubro, novembro e dezembro.<\/li>\n<\/ul>\n<p>Fonte: Ag\u00eancia Brasil<\/p>\n","protected":false},"excerpt":{"rendered":"<p>Os trabalhadores que aderiram ao saque-anivers\u00e1rio do Fundo de Garantia do Tempo de Servi\u00e7o (FGTS) e foram demitidos sem justa causa de janeiro de 2020&#8230;<\/p>\n","protected":false},"author":1527,"featured_media":57675,"comment_status":"closed","ping_status":"closed","sticky":false,"template":"","format":"standard","meta":{"footnotes":""},"categories":[6],"tags":[],"class_list":["post-57673","post","type-post","status-publish","format-standard","has-post-thumbnail","hentry","category-noticias"],"_links":{"self":[{"href":"https:\/\/www.sincomam.org.br\/index.php\/wp-json\/wp\/v2\/posts\/57673","targetHints":{"allow":["GET"]}}],"collection":[{"href":"https:\/\/www.sincomam.org.br\/index.php\/wp-json\/wp\/v2\/posts"}],"about":[{"href":"https:\/\/www.sincomam.org.br\/index.php\/wp-json\/wp\/v2\/types\/post"}],"author":[{"embeddable":true,"href":"https:\/\/www.sincomam.org.br\/index.php\/wp-json\/wp\/v2\/users\/1527"}],"replies":[{"embeddable":true,"href":"https:\/\/www.sincomam.org.br\/index.php\/wp-json\/wp\/v2\/comments?post=57673"}],"version-history":[{"count":1,"href":"https:\/\/www.sincomam.org.br\/index.php\/wp-json\/wp\/v2\/posts\/57673\/revisions"}],"predecessor-version":[{"id":57676,"href":"https:\/\/www.sincomam.org.br\/index.php\/wp-json\/wp\/v2\/posts\/57673\/revisions\/57676"}],"wp:featuredmedia":[{"embeddable":true,"href":"https:\/\/www.sincomam.org.br\/index.php\/wp-json\/wp\/v2\/media\/57675"}],"wp:attachment":[{"href":"https:\/\/www.sincomam.org.br\/index.php\/wp-json\/wp\/v2\/media?parent=57673"}],"wp:term":[{"taxonomy":"category","embeddable":true,"href":"https:\/\/www.sincomam.org.br\/index.php\/wp-json\/wp\/v2\/categories?post=57673"},{"taxonomy":"post_tag","embeddable":true,"href":"https:\/\/www.sincomam.org.br\/index.php\/wp-json\/wp\/v2\/tags?post=57673"}],"curies":[{"name":"wp","href":"https:\/\/api.w.org\/{rel}","templated":true}]}}