{"id":57649,"date":"2025-03-07T12:18:49","date_gmt":"2025-03-07T15:18:49","guid":{"rendered":"https:\/\/www.sincomam.org.br\/?p=57649"},"modified":"2025-03-07T12:18:49","modified_gmt":"2025-03-07T15:18:49","slug":"frente-fria-comeca-a-avancar-pelo-brasil-no-fim-de-semana-e-deve-por-fim-a-onda-de-calor","status":"publish","type":"post","link":"https:\/\/www.sincomam.org.br\/index.php\/frente-fria-comeca-a-avancar-pelo-brasil-no-fim-de-semana-e-deve-por-fim-a-onda-de-calor\/","title":{"rendered":"Frente fria come\u00e7a a avan\u00e7ar pelo Brasil no fim de semana e deve p\u00f4r fim \u00e0 onda de calor"},"content":{"rendered":"<div id=\"chunk-74oja\">\n<div class=\"mc-column content-text active-extra-styles \" data-block-type=\"unstyled\" data-block-weight=\"30\" data-block-id=\"3\">\n<p class=\" content-text__container \" data-track-category=\"Link no Texto\" data-track-links=\"\" data-mrf-recirculation=\"Mat\u00e9ria - Links no Texto\">Uma frente fria que vai avan\u00e7ar pelo pa\u00eds ao longo do fim de semana deve colocar fim \u00e0\u00a0onda de calor que atua no pa\u00eds desde o fim de fevereiro.<\/p>\n<\/div>\n<\/div>\n<div class=\"wall protected-content\">\n<div id=\"chunk-670rh\">\n<div class=\"mc-column content-text active-extra-styles \" data-block-type=\"unstyled\" data-block-weight=\"25\" data-block-id=\"5\">\n<p class=\" content-text__container \" data-track-category=\"Link no Texto\" data-track-links=\"\" data-mrf-recirculation=\"Mat\u00e9ria - Links no Texto\">De acordo com a Climatempo, o sistema deve trazer al\u00edvio para as regi\u00f5es afetadas pelo calor extremo, com possibilidade de chuva e redu\u00e7\u00e3o das temperaturas.<\/p>\n<\/div>\n<\/div>\n<div id=\"chunk-1kb6u\">\n<div class=\"mc-column content-text active-extra-styles \" data-block-type=\"unstyled\" data-block-weight=\"44\" data-block-id=\"6\">\n<p class=\" content-text__container \" data-track-category=\"Link no Texto\" data-track-links=\"\" data-mrf-recirculation=\"Mat\u00e9ria - Links no Texto\"><strong>\u27a1\ufe0f<\/strong>A previs\u00e3o \u00e9 que a\u00a0frente fria comece a atuar na noite de s\u00e1bado (8) no Sul do pa\u00eds, ingressando pelo Rio Grande do Sul. O sistema avan\u00e7a ao longo do fim de semana em dire\u00e7\u00e3o ao\u00a0Sudeste, chegando \u00e0 regi\u00e3o na segunda-feira (10).<\/p>\n<\/div>\n<div id=\"chunk-4vent\">\n<div class=\"mc-column content-text active-extra-styles \" data-block-type=\"unstyled\" data-block-weight=\"20\" data-block-id=\"9\">\n<p class=\" content-text__container \" data-track-category=\"Link no Texto\" data-track-links=\"\" data-mrf-recirculation=\"Mat\u00e9ria - Links no Texto\">Ele ainda destaca que no domingo (9) a frente fria deve avan\u00e7ar pela regi\u00e3o Sul, provocando temporais nos tr\u00eas estados.<\/p>\n<\/div>\n<\/div>\n<div id=\"chunk-7q5s\">\n<div class=\"row medium-uncollapsed content-media content-photo\" data-block-type=\"backstage-photo\" data-block-id=\"10\">\n<div class=\" mc-column  content-media__container\">\n<div class=\"content-media-container glb-skeleton-box\">\n<div id=\"chunk-c90st\">\n<div class=\"mc-column content-text active-extra-styles\" data-block-type=\"raw\" data-block-weight=\"6\" data-block-id=\"11\">\n<div class=\"content-intertitle\">\n<h2>Quando termina a onda de calor?<\/h2>\n<\/div>\n<p>De forma geral, a onda de calor continua at\u00e9 domingo. Isso porque \u00e9 necess\u00e1rio que a frente fria se desloque mais pelo mais para que o bloqueio atmosf\u00e9rico, que vem gerando a longa sequ\u00eancia de dias de calor.<\/p>\n<\/div>\n<\/div>\n<div id=\"chunk-63jbf\">\n<div class=\"mc-column content-text active-extra-styles \" data-block-type=\"unstyled\" data-block-weight=\"54\" data-block-id=\"13\">\n<p class=\" content-text__container \" data-track-category=\"Link no Texto\" data-track-links=\"\" data-mrf-recirculation=\"Mat\u00e9ria - Links no Texto\">Os\u00a0bloqueios atmosf\u00e9ricos\u00a0s\u00e3o sistemas de alta press\u00e3o que se estabelecem em n\u00edveis m\u00e9dios da atmosfera e\u00a0intensificam a circula\u00e7\u00e3o do ar de cima para baixo. Esses fen\u00f4menos favorecem o aumento das temperaturas e\u00a0impedem a forma\u00e7\u00e3o de grandes nuvens de chuva. Al\u00e9m disso, dificultam o avan\u00e7o de frentes frias pelo interior do pa\u00eds.<\/p>\n<div id=\"chunk-bb9d3\">\n<div class=\"mc-column content-text active-extra-styles \" data-block-type=\"unstyled\" data-block-weight=\"23\" data-block-id=\"15\">\n<p class=\" content-text__container \" data-track-category=\"Link no Texto\" data-track-links=\"\" data-mrf-recirculation=\"Mat\u00e9ria - Links no Texto\">A quinta onda de calor no ano afeta boa parte dos estados do\u00a0Sul, Sudeste e Centro-Oeste\u00a0do pa\u00eds.\u00a0<em>(relembre no mapa abaixo)<\/em><\/p>\n<\/div>\n<\/div>\n<div id=\"chunk-4tpj4\">\n<div class=\"mc-column content-text active-extra-styles \" data-block-type=\"unstyled\" data-block-weight=\"35\" data-block-id=\"16\">\n<p class=\" content-text__container \" data-track-category=\"Link no Texto\" data-track-links=\"\" data-mrf-recirculation=\"Mat\u00e9ria - Links no Texto\">Segundo a Climatempo, o fen\u00f4meno est\u00e1 sendo respons\u00e1vel por deixar as m\u00e1ximas cerca de 5 a 7\u00b0C acima da m\u00e9dia em parte do Sul, em Mato Grosso do Sul e no estado de S\u00e3o Paulo.<\/p>\n<\/div>\n<\/div>\n<div id=\"chunk-12vn7\">\n<div class=\"row medium-uncollapsed content-media content-photo\" data-block-type=\"backstage-photo\" data-block-id=\"17\">\n<div class=\" mc-column  content-media__container\">\n<div class=\"content-media-container glb-skeleton-box\">\n<div id=\"chunk-4tpj4\">\n<div class=\"mc-column content-text active-extra-styles \" data-block-type=\"unstyled\" data-block-weight=\"35\" data-block-id=\"16\">\n<p class=\" content-text__container \" data-track-category=\"Link no Texto\" data-track-links=\"\" data-mrf-recirculation=\"Mat\u00e9ria - Links no Texto\">.<\/p>\n<\/div>\n<\/div>\n<div id=\"chunk-12vn7\">\n<div class=\"row medium-uncollapsed content-media content-photo\" data-block-type=\"backstage-photo\" data-block-id=\"17\">\n<div class=\" mc-column  content-media__container\">\n<div class=\"content-media-container glb-skeleton-box\">\n<figure class=\"content-media-figure\"><img fetchpriority=\"high\" decoding=\"async\" class=\"i-amphtml-fill-content i-amphtml-replaced-content\" src=\"https:\/\/s2-g1.glbimg.com\/ZDbuwaBX-F23R54jEA0SJ_hUGgQ=\/0x0:1250x1769\/984x0\/smart\/filters:strip_icc()\/i.s3.glbimg.com\/v1\/AUTH_59edd422c0c84a879bd37670ae4f538a\/internal_photos\/bs\/2025\/a\/h\/QSyqk9QAGtgLVJet6W6w\/250303-info-calor-intenso-9-marco.png\" sizes=\"(max-width: 1366px) 648px, 100vw\" srcset=\"https:\/\/s2-g1.glbimg.com\/qtfz8JraEhTQQYkcWKu2ImCKAqY=\/0x0:1250x1769\/1000x0\/smart\/filters:strip_icc()\/i.s3.glbimg.com\/v1\/AUTH_59edd422c0c84a879bd37670ae4f538a\/internal_photos\/bs\/2025\/a\/h\/QSyqk9QAGtgLVJet6W6w\/250303-info-calor-intenso-9-marco.png 1000w, https:\/\/s2-g1.glbimg.com\/ZDbuwaBX-F23R54jEA0SJ_hUGgQ=\/0x0:1250x1769\/984x0\/smart\/filters:strip_icc()\/i.s3.glbimg.com\/v1\/AUTH_59edd422c0c84a879bd37670ae4f538a\/internal_photos\/bs\/2025\/a\/h\/QSyqk9QAGtgLVJet6W6w\/250303-info-calor-intenso-9-marco.png 984w, https:\/\/s2-g1.glbimg.com\/X6opPji08ucDiz94cRZpAMkvfMU=\/0x0:1250x1769\/640x0\/smart\/filters:strip_icc()\/i.s3.glbimg.com\/v1\/AUTH_59edd422c0c84a879bd37670ae4f538a\/internal_photos\/bs\/2025\/a\/h\/QSyqk9QAGtgLVJet6W6w\/250303-info-calor-intenso-9-marco.png 640w, https:\/\/s2-g1.glbimg.com\/gc5e1tJE2n-mZeiWZcDr5oYhlvU=\/0x0:1250x1769\/600x0\/smart\/filters:strip_icc()\/i.s3.glbimg.com\/v1\/AUTH_59edd422c0c84a879bd37670ae4f538a\/internal_photos\/bs\/2025\/a\/h\/QSyqk9QAGtgLVJet6W6w\/250303-info-calor-intenso-9-marco.png 600w\" alt=\"Onda de calor prossegue at\u00e9 9 de mar\u00e7o \u2014 Foto: Arte\/g1\" width=\"567\" height=\"802\" \/><\/figure>\n<p>Com a onda de calor se estendendo at\u00e9 domingo, o fim de semana deve ser ainda de muito calor no Sudeste, com a chuva chegando somente na segunda-feira (10).<\/p>\n<div id=\"chunk-2lgpi\">\n<div class=\"mc-column content-text active-extra-styles \" data-block-type=\"unstyled\" data-block-weight=\"40\" data-block-id=\"21\">\n<p class=\" content-text__container \" data-track-category=\"Link no Texto\" data-track-links=\"\" data-mrf-recirculation=\"Mat\u00e9ria - Links no Texto\">\ufe0fO\u00a0<strong>efeito pr\u00e9-frontal\u00a0<\/strong>\u00e9 um fen\u00f4meno caracterizado pelo\u00a0aumento das temperaturas antes da aproxima\u00e7\u00e3o de uma frente fria. Isso acontece porque o ar frio, sendo mais denso, empurra o ar quente para cima, gerando uma compress\u00e3o e elevando os term\u00f4metros.<\/p>\n<\/div>\n<\/div>\n<div id=\"chunk-6giv0\">\n<div class=\"mc-column content-text active-extra-styles \" data-block-type=\"unstyled\" data-block-weight=\"35\" data-block-id=\"22\">\n<p class=\" content-text__container \" data-track-category=\"Link no Texto\" data-track-links=\"\" data-mrf-recirculation=\"Mat\u00e9ria - Links no Texto\">No Centro-Oeste, os pr\u00f3ximos dias tamb\u00e9m devem ser quentes, mas a chuva pode chegar j\u00e1 no domingo de noite. Pode chover forte, principalmente no Mato Grosso do Sul por conta da aproxima\u00e7\u00e3o da frente fria.<\/p>\n<div id=\"chunk-d52ka\">\n<div class=\"mc-column content-text active-extra-styles\" data-block-type=\"raw\" data-block-weight=\"6\" data-block-id=\"24\">\n<div class=\"content-intertitle\">\n<h2>O que \u00e9 onda de calor?<\/h2>\n<\/div>\n<p>O termo onda de calor \u00e9 definido por uma sequ\u00eancia de dias ou at\u00e9 semanas, onde as temperaturas em uma regi\u00e3o, relativamente ampla, ficam muito acima da m\u00e9dia que seria normal para uma determinada \u00e9poca.<\/p>\n<\/div>\n<\/div>\n<div id=\"chunk-druvn\">\n<div class=\"mc-column content-text active-extra-styles \" data-block-type=\"unstyled\" data-block-weight=\"26\" data-block-id=\"26\">\n<p class=\" content-text__container \" data-track-category=\"Link no Texto\" data-track-links=\"\" data-mrf-recirculation=\"Mat\u00e9ria - Links no Texto\">A Organiza\u00e7\u00e3o Meteorol\u00f3gica Mundial considera uma onda de calor quando as temperaturas permanecem pelo menos 5\u202f\u00b0C acima da m\u00e9dia e durante no m\u00ednimo 5 dias consecutivos.<\/p>\n<\/div>\n<\/div>\n<\/div>\n<\/div>\n<\/div>\n<p>&nbsp;<\/p>\n<\/div>\n<\/div>\n<\/div>\n<\/div>\n<\/div>\n<\/div>\n<\/div>\n<\/div>\n<\/div>\n<\/div>\n<\/div>\n<\/div>\n<\/div>\n<\/div>\n<\/div>\n","protected":false},"excerpt":{"rendered":"<p>Uma frente fria que vai avan\u00e7ar pelo pa\u00eds ao longo do fim de semana deve colocar fim \u00e0\u00a0onda de calor que atua no pa\u00eds desde&#8230;<\/p>\n","protected":false},"author":1527,"featured_media":57651,"comment_status":"closed","ping_status":"closed","sticky":false,"template":"","format":"standard","meta":{"footnotes":""},"categories":[6],"tags":[],"class_list":["post-57649","post","type-post","status-publish","format-standard","has-post-thumbnail","hentry","category-noticias"],"_links":{"self":[{"href":"https:\/\/www.sincomam.org.br\/index.php\/wp-json\/wp\/v2\/posts\/57649","targetHints":{"allow":["GET"]}}],"collection":[{"href":"https:\/\/www.sincomam.org.br\/index.php\/wp-json\/wp\/v2\/posts"}],"about":[{"href":"https:\/\/www.sincomam.org.br\/index.php\/wp-json\/wp\/v2\/types\/post"}],"author":[{"embeddable":true,"href":"https:\/\/www.sincomam.org.br\/index.php\/wp-json\/wp\/v2\/users\/1527"}],"replies":[{"embeddable":true,"href":"https:\/\/www.sincomam.org.br\/index.php\/wp-json\/wp\/v2\/comments?post=57649"}],"version-history":[{"count":1,"href":"https:\/\/www.sincomam.org.br\/index.php\/wp-json\/wp\/v2\/posts\/57649\/revisions"}],"predecessor-version":[{"id":57652,"href":"https:\/\/www.sincomam.org.br\/index.php\/wp-json\/wp\/v2\/posts\/57649\/revisions\/57652"}],"wp:featuredmedia":[{"embeddable":true,"href":"https:\/\/www.sincomam.org.br\/index.php\/wp-json\/wp\/v2\/media\/57651"}],"wp:attachment":[{"href":"https:\/\/www.sincomam.org.br\/index.php\/wp-json\/wp\/v2\/media?parent=57649"}],"wp:term":[{"taxonomy":"category","embeddable":true,"href":"https:\/\/www.sincomam.org.br\/index.php\/wp-json\/wp\/v2\/categories?post=57649"},{"taxonomy":"post_tag","embeddable":true,"href":"https:\/\/www.sincomam.org.br\/index.php\/wp-json\/wp\/v2\/tags?post=57649"}],"curies":[{"name":"wp","href":"https:\/\/api.w.org\/{rel}","templated":true}]}}