{"id":57645,"date":"2025-03-07T11:10:28","date_gmt":"2025-03-07T14:10:28","guid":{"rendered":"https:\/\/www.sincomam.org.br\/?p=57645"},"modified":"2025-03-07T11:10:37","modified_gmt":"2025-03-07T14:10:37","slug":"governo-zera-tarifa-de-importacao-de-9-alimentos-para-reduzir-precos","status":"publish","type":"post","link":"https:\/\/www.sincomam.org.br\/index.php\/governo-zera-tarifa-de-importacao-de-9-alimentos-para-reduzir-precos\/","title":{"rendered":"Governo zera tarifa de importa\u00e7\u00e3o de 9 alimentos para reduzir pre\u00e7os"},"content":{"rendered":"<p>Como alternativa para segurar a infla\u00e7\u00e3o dos alimentos, o governo decidiu zerar o Imposto de Importa\u00e7\u00e3o de nove tipos de comida, conforme anunciou nesta noite o vice-presidente Geraldo Alckmin.<img decoding=\"async\" src=\"https:\/\/agenciabrasil.ebc.com.br\/ebc.png?id=1633547&amp;o=node\" \/><img decoding=\"async\" src=\"https:\/\/agenciabrasil.ebc.com.br\/ebc.gif?id=1633547&amp;o=node\" \/><\/p>\n<p>As medidas foram divulgadas ap\u00f3s uma s\u00e9rie de reuni\u00f5es ao longo desta quinta-feira (6).<\/p>\n<p><strong>&gt;&gt; Os alimentos que ter\u00e3o os tributos zerados s\u00e3o:<\/strong><\/p>\n<ul>\n<li>Azeite: (hoje 9%)<\/li>\n<li>Milho: (hoje 7,2%)<\/li>\n<li>\u00d3leo de girassol: (hoje at\u00e9 9%)<\/li>\n<li>Sardinha: (hoje 32%)<\/li>\n<li>Biscoitos: (hoje 16,2%)<\/li>\n<li>Massas aliment\u00edcias (macarr\u00e3o): (hoje 14,4%)<\/li>\n<li>Caf\u00e9: (hoje 9%)<\/li>\n<li>Carnes: (hoje at\u00e9 10,8%)<\/li>\n<li>A\u00e7\u00facar: (hoje at\u00e9 14%)<\/li>\n<\/ul>\n<p>A cota de importa\u00e7\u00e3o do\u00a0\u00f3leo de palma, atualmente em 65 mil toneladas, subiu para 150 mil toneladas.<\/p>\n<p>Segundo Alckmin, a\u00a0redu\u00e7\u00e3o de tarifas entrar\u00e1 em vigor nos pr\u00f3ximos dias\u00a0ap\u00f3s serem aprovadas pela C\u00e2mara de Com\u00e9rcio Exterior (Camex).<\/p>\n<blockquote><p>\u201cO governo est\u00e1 abrindo m\u00e3o de imposto em favor da redu\u00e7\u00e3o de pre\u00e7o\u201d, declarou o vice-presidente.<\/p><\/blockquote>\n<p>As medidas foram anunciadas\u00a0ap\u00f3s uma reuni\u00e3o do presidente Luiz In\u00e1cio Lula da Silva e de Alckmin com ministros e empres\u00e1rios, no Pal\u00e1cio do Planalto.<\/p>\n<p>Para o vice-presidente, a medida\u00a0n\u00e3o prejudicar\u00e1 os produtores nacionais, apesar da concorr\u00eancia com o alimento importado.<\/p>\n<blockquote><p>\u201cN\u00f3s entendemos que n\u00e3o [vai prejudicar o produtor brasileiro]. Voc\u00ea tem per\u00edodos de pre\u00e7os mais altos, mais baixos. N\u00f3s estamos em um per\u00edodo em que reduzir o imposto ajuda a reduzir pre\u00e7os. Voc\u00ea est\u00e1 complementando. N\u00e3o vai prejudicar o produtor, mas beneficiar os consumidores\u201d, declarou.<\/p><\/blockquote>\n<h2>Outras medidas<\/h2>\n<p>Al\u00e9m da redu\u00e7\u00e3o das tarifas, Alckmin anunciou o\u00a0fortalecimento dos estoques reguladores da Companhia Nacional de Abastecimento (Conab). O vice-presidente n\u00e3o entrou em detalhes.<\/p>\n<p>No m\u00eas passado, a companhia havia pedido R$ 737 milh\u00f5es para reconstituir os estoques de alimentos desmantelados nos \u00faltimos anos.<\/p>\n<p>Alckmin tamb\u00e9m anunciou a\u00a0prioridade para os alimentos da cesta b\u00e1sica no pr\u00f3ximo Plano Safra.<\/p>\n<p>Segundo o vice-presidente, os\u00a0financiamentos subsidiados dever\u00e3o se concentrar na produ\u00e7\u00e3o de itens que comp\u00f5em a cesta b\u00e1sica, aumentando o est\u00edmulo a produtores rurais que produzam para o mercado interno.<\/p>\n<p>A \u00faltima medida anunciada por Alckmin foi a acelera\u00e7\u00e3o do Sistema Brasileiro de Inspe\u00e7\u00e3o de Produtos de Origem Animal (SISBI-POA). Esse sistema descentraliza as inspe\u00e7\u00f5es sanit\u00e1rias, permitindo que estados e munic\u00edpios fa\u00e7am o trabalho.<\/p>\n<p>Segundo o vice-presidente, o governo pretende\u00a0aumentar o n\u00famero de registro no sistema de 1.550 para 3 mil.<\/p>\n<p>De acordo com Alckmin, a medida permitir\u00e1 que produtos como leite, mel, ovos e carnes sejam liberados mais rapidamente para venda em todo o pa\u00eds.<\/p>\n<p>Fonte: Ag\u00eancia Brasil<\/p>\n","protected":false},"excerpt":{"rendered":"<p>Como alternativa para segurar a infla\u00e7\u00e3o dos alimentos, o governo decidiu zerar o Imposto de Importa\u00e7\u00e3o de nove tipos de comida, conforme anunciou nesta noite&#8230;<\/p>\n","protected":false},"author":1527,"featured_media":57647,"comment_status":"closed","ping_status":"closed","sticky":false,"template":"","format":"standard","meta":{"footnotes":""},"categories":[6],"tags":[],"class_list":["post-57645","post","type-post","status-publish","format-standard","has-post-thumbnail","hentry","category-noticias"],"_links":{"self":[{"href":"https:\/\/www.sincomam.org.br\/index.php\/wp-json\/wp\/v2\/posts\/57645","targetHints":{"allow":["GET"]}}],"collection":[{"href":"https:\/\/www.sincomam.org.br\/index.php\/wp-json\/wp\/v2\/posts"}],"about":[{"href":"https:\/\/www.sincomam.org.br\/index.php\/wp-json\/wp\/v2\/types\/post"}],"author":[{"embeddable":true,"href":"https:\/\/www.sincomam.org.br\/index.php\/wp-json\/wp\/v2\/users\/1527"}],"replies":[{"embeddable":true,"href":"https:\/\/www.sincomam.org.br\/index.php\/wp-json\/wp\/v2\/comments?post=57645"}],"version-history":[{"count":1,"href":"https:\/\/www.sincomam.org.br\/index.php\/wp-json\/wp\/v2\/posts\/57645\/revisions"}],"predecessor-version":[{"id":57648,"href":"https:\/\/www.sincomam.org.br\/index.php\/wp-json\/wp\/v2\/posts\/57645\/revisions\/57648"}],"wp:featuredmedia":[{"embeddable":true,"href":"https:\/\/www.sincomam.org.br\/index.php\/wp-json\/wp\/v2\/media\/57647"}],"wp:attachment":[{"href":"https:\/\/www.sincomam.org.br\/index.php\/wp-json\/wp\/v2\/media?parent=57645"}],"wp:term":[{"taxonomy":"category","embeddable":true,"href":"https:\/\/www.sincomam.org.br\/index.php\/wp-json\/wp\/v2\/categories?post=57645"},{"taxonomy":"post_tag","embeddable":true,"href":"https:\/\/www.sincomam.org.br\/index.php\/wp-json\/wp\/v2\/tags?post=57645"}],"curies":[{"name":"wp","href":"https:\/\/api.w.org\/{rel}","templated":true}]}}