{"id":57628,"date":"2025-03-06T12:06:21","date_gmt":"2025-03-06T15:06:21","guid":{"rendered":"https:\/\/www.sincomam.org.br\/?p=57628"},"modified":"2025-03-06T12:06:21","modified_gmt":"2025-03-06T15:06:21","slug":"economia-cresce-puxada-pelo-consumo-das-familias-e-pressiona-inflacao","status":"publish","type":"post","link":"https:\/\/www.sincomam.org.br\/index.php\/economia-cresce-puxada-pelo-consumo-das-familias-e-pressiona-inflacao\/","title":{"rendered":"Economia cresce puxada pelo consumo das fam\u00edlias e pressiona infla\u00e7\u00e3o"},"content":{"rendered":"<div id=\"chunk-3okqb\">\n<div class=\"mc-column content-text active-extra-styles \" data-block-type=\"unstyled\" data-block-weight=\"20\" data-block-id=\"3\">\n<p class=\" content-text__container \" data-track-category=\"Link no Texto\" data-track-links=\"\" data-mrf-recirculation=\"Mat\u00e9ria - Links no Texto\">Proje\u00e7\u00f5es do Monitor do PIB, da Funda\u00e7\u00e3o Get\u00falio Vargas (FGV), indicam que economia brasileira cresceu cerca de 3,5% em 2024.<\/p>\n<\/div>\n<\/div>\n<div class=\"wall protected-content\">\n<div id=\"chunk-av7k9\">\n<div class=\"mc-column content-text active-extra-styles \" data-block-type=\"unstyled\" data-block-weight=\"47\" data-block-id=\"5\">\n<p class=\" content-text__container \" data-track-category=\"Link no Texto\" data-track-links=\"\" data-mrf-recirculation=\"Mat\u00e9ria - Links no Texto\">O n\u00famero oficial do PIB sai nesta sexta-feira (7), com a divulga\u00e7\u00e3o do\u00a0IBGE. Se o resultado se confirmar, essa ser\u00e1 a maior expans\u00e3o da economia desde 2021, quando o aumento foi de 4,8%, ap\u00f3s o tombo no ano anterior por causa da pandemia de Covid-19.<\/p>\n<\/div>\n<\/div>\n<div id=\"chunk-64m0f\">\n<div class=\"mc-column content-text active-extra-styles \" data-block-type=\"unstyled\" data-block-weight=\"27\" data-block-id=\"6\">\n<p class=\" content-text__container \" data-track-category=\"Link no Texto\" data-track-links=\"\" data-mrf-recirculation=\"Mat\u00e9ria - Links no Texto\">Em paralelo a isso, a<a class=\"\" href=\"https:\/\/g1.globo.com\/economia\/noticia\/2025\/01\/31\/taxa-media-de-desemprego-cai-para-66percent-em-2024-menor-patamar-da-historia-diz-ibge.ghtml\" data-mrf-link=\"https:\/\/g1.globo.com\/economia\/noticia\/2025\/01\/31\/taxa-media-de-desemprego-cai-para-66percent-em-2024-menor-patamar-da-historia-diz-ibge.ghtml\">\u00a0<\/a>taxa m\u00e9dia de desemprego (6,6%) em 2024\u00a0foi a menor desde que o IBGE come\u00e7ou a calcular esse \u00edndice, em 2012.<\/p>\n<\/div>\n<\/div>\n<div id=\"chunk-a4gth\">\n<div class=\"mc-column content-text active-extra-styles \" data-block-type=\"unstyled\" data-block-weight=\"41\" data-block-id=\"7\">\n<p class=\" content-text__container \" data-track-category=\"Link no Texto\" data-track-links=\"\" data-mrf-recirculation=\"Mat\u00e9ria - Links no Texto\">O pa\u00eds bateu o recorde de pessoas ocupadas, com mais de 103,3 milh\u00f5es na m\u00e9dia do ano, e que juntas ganharam aproximadamente R$ 328,9 bilh\u00f5es por m\u00eas na m\u00e9dia anual, tamb\u00e9m a maior massa de rendimentos reais da s\u00e9rie hist\u00f3rica.<\/p>\n<div id=\"chunk-5f49l\">\n<div class=\"mc-column content-text active-extra-styles \" data-block-type=\"unstyled\" data-block-weight=\"38\" data-block-id=\"9\">\n<p class=\" content-text__container \" data-track-category=\"Link no Texto\" data-track-links=\"\" data-mrf-recirculation=\"Mat\u00e9ria - Links no Texto\">\u00a0\u00c9 claro que uma coisa tem tudo a ver com a outra:\u00a0se a economia cresce, ela gera emprego. As pessoas empregadas ganham mais dinheiro e consomem mais, o que tamb\u00e9m ajuda a elevar o PIB.<\/p>\n<\/div>\n<\/div>\n<div id=\"chunk-4qha4\">\n<div class=\"mc-column content-text active-extra-styles \" data-block-type=\"unstyled\" data-block-weight=\"41\" data-block-id=\"10\">\n<p class=\" content-text__container \" data-track-category=\"Link no Texto\" data-track-links=\"\" data-mrf-recirculation=\"Mat\u00e9ria - Links no Texto\">Em 2024, o consumo das fam\u00edlias foi um grande respons\u00e1vel pela alta do indicador. A preocupa\u00e7\u00e3o dos economistas, no entanto, \u00e9 que\u00a0<span class=\"highlight highlighted\">a alta demanda continue a pressionar a infla\u00e7\u00e3o, se o Brasil n\u00e3o aumentar a produ\u00e7\u00e3o na mesma medida.<\/span><\/p>\n<\/div>\n<\/div>\n<div id=\"chunk-7h360\">\n<div class=\"mc-column content-text active-extra-styles \" data-block-type=\"unstyled\" data-block-weight=\"43\" data-block-id=\"11\">\n<p class=\" content-text__container \" data-track-category=\"Link no Texto\" data-track-links=\"\" data-mrf-recirculation=\"Mat\u00e9ria - Links no Texto\">\u201cA gente est\u00e1 com um crescimento positivo no curto prazo, mas n\u00e3o \u00e9 sustent\u00e1vel ao longo do tempo. Seria bom se a gente pudesse enriquecer s\u00f3 consumindo, mas isso tem um limite\u201d, diz Ulisses Ruiz de Gamboa, professor de economia do\u00a0Insper.<\/p>\n<div id=\"chunk-53erf\">\n<div class=\"mc-column content-text active-extra-styles \" data-block-type=\"unstyled\" data-block-weight=\"43\" data-block-id=\"13\">\n<p class=\" content-text__container \" data-track-category=\"Link no Texto\" data-track-links=\"\" data-mrf-recirculation=\"Mat\u00e9ria - Links no Texto\">Fonte: G1<\/p>\n<\/div>\n<\/div>\n<\/div>\n<\/div>\n<\/div>\n<\/div>\n<\/div>\n","protected":false},"excerpt":{"rendered":"<p>Proje\u00e7\u00f5es do Monitor do PIB, da Funda\u00e7\u00e3o Get\u00falio Vargas (FGV), indicam que economia brasileira cresceu cerca de 3,5% em 2024. O n\u00famero oficial do PIB&#8230;<\/p>\n","protected":false},"author":1527,"featured_media":57630,"comment_status":"closed","ping_status":"closed","sticky":false,"template":"","format":"standard","meta":{"footnotes":""},"categories":[6],"tags":[],"class_list":["post-57628","post","type-post","status-publish","format-standard","has-post-thumbnail","hentry","category-noticias"],"_links":{"self":[{"href":"https:\/\/www.sincomam.org.br\/index.php\/wp-json\/wp\/v2\/posts\/57628","targetHints":{"allow":["GET"]}}],"collection":[{"href":"https:\/\/www.sincomam.org.br\/index.php\/wp-json\/wp\/v2\/posts"}],"about":[{"href":"https:\/\/www.sincomam.org.br\/index.php\/wp-json\/wp\/v2\/types\/post"}],"author":[{"embeddable":true,"href":"https:\/\/www.sincomam.org.br\/index.php\/wp-json\/wp\/v2\/users\/1527"}],"replies":[{"embeddable":true,"href":"https:\/\/www.sincomam.org.br\/index.php\/wp-json\/wp\/v2\/comments?post=57628"}],"version-history":[{"count":1,"href":"https:\/\/www.sincomam.org.br\/index.php\/wp-json\/wp\/v2\/posts\/57628\/revisions"}],"predecessor-version":[{"id":57631,"href":"https:\/\/www.sincomam.org.br\/index.php\/wp-json\/wp\/v2\/posts\/57628\/revisions\/57631"}],"wp:featuredmedia":[{"embeddable":true,"href":"https:\/\/www.sincomam.org.br\/index.php\/wp-json\/wp\/v2\/media\/57630"}],"wp:attachment":[{"href":"https:\/\/www.sincomam.org.br\/index.php\/wp-json\/wp\/v2\/media?parent=57628"}],"wp:term":[{"taxonomy":"category","embeddable":true,"href":"https:\/\/www.sincomam.org.br\/index.php\/wp-json\/wp\/v2\/categories?post=57628"},{"taxonomy":"post_tag","embeddable":true,"href":"https:\/\/www.sincomam.org.br\/index.php\/wp-json\/wp\/v2\/tags?post=57628"}],"curies":[{"name":"wp","href":"https:\/\/api.w.org\/{rel}","templated":true}]}}