{"id":57624,"date":"2025-03-06T11:55:05","date_gmt":"2025-03-06T14:55:05","guid":{"rendered":"https:\/\/www.sincomam.org.br\/?p=57624"},"modified":"2025-03-06T11:55:05","modified_gmt":"2025-03-06T14:55:05","slug":"imposto-de-renda-2025-prazo-estimado-para-entrega-veja-quem-precisa-declarar-e-evite-multas-da-receita-federal","status":"publish","type":"post","link":"https:\/\/www.sincomam.org.br\/index.php\/imposto-de-renda-2025-prazo-estimado-para-entrega-veja-quem-precisa-declarar-e-evite-multas-da-receita-federal\/","title":{"rendered":"Imposto de Renda 2025: Prazo estimado para entrega! Veja quem precisa declarar e evite multas da Receita Federal"},"content":{"rendered":"<p>A Receita Federal anunciou que o per\u00edodo para a entrega da Declara\u00e7\u00e3o do Imposto de Renda 2025 ter\u00e1 in\u00edcio em 17 de mar\u00e7o e se estender\u00e1 at\u00e9 31 de maio.<\/p>\n<div class=\"space-y-1.5 [&amp;_ul]:list-none [&amp;_ul]:ml-0 mb-6\">\n<p>Essa altera\u00e7\u00e3o visa proporcionar aos contribuintes um tempo adequado para reunir e organizar todas as informa\u00e7\u00f5es necess\u00e1rias para o preenchimento correto da declara\u00e7\u00e3o.<\/p>\n<h3 id=\"h-atualizacao-da-tabela-do-imposto-de-renda\" class=\"wp-block-heading\"><strong>Atualiza\u00e7\u00e3o da tabela do Imposto de Renda<\/strong><\/h3>\n<p>Uma das principais mudan\u00e7as para 2025 \u00e9 a atualiza\u00e7\u00e3o da tabela do Imposto de Renda. O governo prop\u00f4s a corre\u00e7\u00e3o da faixa de isen\u00e7\u00e3o para R$ 2.414,40 mensais, visando manter a isen\u00e7\u00e3o para aqueles que recebem at\u00e9 dois sal\u00e1rios m\u00ednimos.<\/p>\n<p>Com o desconto simplificado de R$ 603,60, estar\u00e3o isentos os contribuintes que recebem at\u00e9 R$ 3.018 mensais, equivalente a dois sal\u00e1rios m\u00ednimos estimados no or\u00e7amento.<\/p>\n<h3 id=\"h-tabela-progressiva-do-imposto-de-renda-2025\" class=\"wp-block-heading\"><strong>Tabela progressiva do Imposto de Renda 2025<\/strong><\/h3>\n<p>A tabela progressiva para o ano de 2025, considerando as atualiza\u00e7\u00f5es propostas, ficar\u00e1 da seguinte forma:<\/p>\n<ul class=\"wp-block-list\">\n<li><strong>Faixa 1<\/strong>: At\u00e9 R$ 2.414,40 \u2013 Al\u00edquota: 0%<\/li>\n<li><strong>Faixa 2<\/strong>: De R$ 2.414,41 at\u00e9 R$ 3.018,00 \u2013 Al\u00edquota: 7,5%<\/li>\n<li><strong>Faixa 3<\/strong>: De R$ 3.018,01 at\u00e9 R$ 3.751,05 \u2013 Al\u00edquota: 15%<\/li>\n<li><strong>Faixa 4<\/strong>: De R$ 3.751,06 at\u00e9 R$ 4.664,68 \u2013 Al\u00edquota: 22,5%<\/li>\n<li><strong>Faixa 5<\/strong>: Acima de R$ 4.664,68 \u2013 Al\u00edquota: 27,5%<\/li>\n<\/ul>\n<p>\u00c9 importante destacar que essas altera\u00e7\u00f5es ainda dependem de aprova\u00e7\u00e3o no Congresso Nacional. Portanto, os contribuintes devem acompanhar as atualiza\u00e7\u00f5es oficiais para garantir o cumprimento correto das obriga\u00e7\u00f5es fiscais.<\/p>\n<h3 id=\"h-quem-esta-obrigado-a-declarar-em-2025\" class=\"wp-block-heading\"><strong>Quem est\u00e1 obrigado a declarar em 2025?<\/strong><\/h3>\n<p>Para o ano de 2025, os crit\u00e9rios para obrigatoriedade na entrega da declara\u00e7\u00e3o do Imposto de Renda incluem:<\/p>\n<ul class=\"wp-block-list\">\n<li><strong>Rendimentos tribut\u00e1veis<\/strong>: Contribuintes que receberam rendimentos tribut\u00e1veis superiores a R$ 28.559,70 no ano anterior.<\/li>\n<li><strong>Rendimentos isentos, n\u00e3o tribut\u00e1veis ou tributados exclusivamente na fonte<\/strong>: Aqueles que tiveram rendimentos superiores a R$ 40.000,00 nessa categoria.<\/li>\n<li><strong>Ganho de capital e opera\u00e7\u00f5es em bolsa<\/strong>: Quem obteve ganho de capital na aliena\u00e7\u00e3o de bens ou direitos ou realizou opera\u00e7\u00f5es em bolsas de valores, de mercadorias, de futuros e assemelhadas.<\/li>\n<li><strong>Atividade rural<\/strong>: Contribuintes com receita bruta em atividade rural superior a R$ 142.798,50 ou que desejam compensar preju\u00edzos de anos anteriores.<\/li>\n<li><strong>Bens e direitos<\/strong>: Aqueles que, em 31 de dezembro do ano anterior, possu\u00edam a posse ou propriedade de bens ou direitos, inclusive terra nua, de valor total superior a R$ 300.000,00.<\/li>\n<li><strong>Condi\u00e7\u00e3o de residente<\/strong>: Quem passou \u00e0 condi\u00e7\u00e3o de residente no Brasil em qualquer m\u00eas e nessa condi\u00e7\u00e3o se encontrava em 31 de dezembro.<\/li>\n<\/ul>\n<p>\u00c9 fundamental que os contribuintes verifiquem se se enquadram em alguma dessas situa\u00e7\u00f5es para evitar pend\u00eancias com a Receita Federal.<\/p>\n<h3 id=\"h-mudancas-previstas-para-2026\" class=\"wp-block-heading\"><strong>Mudan\u00e7as previstas para 2026<\/strong><\/h3>\n<p>O\u00a0governo\u00a0anunciou a inten\u00e7\u00e3o de ampliar a faixa de isen\u00e7\u00e3o do Imposto de Renda para R$ 5.000,00 mensais a partir de 2026.<\/p>\n<p>Essa medida busca beneficiar uma parcela maior da popula\u00e7\u00e3o, reduzindo a carga tribut\u00e1ria sobre os trabalhadores. Contudo, essa altera\u00e7\u00e3o ainda est\u00e1 em fase de discuss\u00e3o e depende de aprova\u00e7\u00e3o legislativa para entrar em vigor.<\/p>\n<h3 id=\"h-dicas-para-uma-declaracao-sem-erros\" class=\"wp-block-heading\"><strong>Dicas para uma declara\u00e7\u00e3o sem erros<\/strong><\/h3>\n<p>Para evitar problemas com a Receita Federal, \u00e9 essencial que os contribuintes:<\/p>\n<ul class=\"wp-block-list\">\n<li><strong>Organizem antecipadamente<\/strong>\u00a0todos os documentos necess\u00e1rios, como informes de rendimentos, recibos de despesas dedut\u00edveis e comprovantes de pagamentos.<\/li>\n<li><strong>Verifiquem a veracidade<\/strong>\u00a0e a precis\u00e3o das informa\u00e7\u00f5es fornecidas, evitando inconsist\u00eancias que possam levar \u00e0 malha fina.<\/li>\n<li><strong>Utilizem o programa oficial<\/strong>\u00a0da Receita Federal para o preenchimento e envio da declara\u00e7\u00e3o, garantindo que todas as atualiza\u00e7\u00f5es e regras sejam aplicadas corretamente.<\/li>\n<li><strong>Fiquem atentos aos prazos<\/strong>, evitando deixar a entrega para os \u00faltimos dias, o que pode ocasionar atrasos e poss\u00edveis multas.<\/li>\n<\/ul>\n<p>A Declara\u00e7\u00e3o do\u00a0Imposto de Renda\u00a02025 traz atualiza\u00e7\u00f5es significativas que impactam diretamente os contribuintes brasileiros.<\/p>\n<p>Estar informado sobre as mudan\u00e7as na tabela, os prazos e os crit\u00e9rios de obrigatoriedade \u00e9 essencial para cumprir corretamente com as obriga\u00e7\u00f5es fiscais e evitar contratempos com a Receita Federal.<\/p>\n<p>Mantenha-se atualizado e busque orienta\u00e7\u00e3o profissional, se necess\u00e1rio, para garantir uma declara\u00e7\u00e3o precisa e sem erros.<\/p>\n<p>Fonte: Click Petr\u00f3leo e G\u00e1s<\/p>\n<\/div>\n","protected":false},"excerpt":{"rendered":"<p>A Receita Federal anunciou que o per\u00edodo para a entrega da Declara\u00e7\u00e3o do Imposto de Renda 2025 ter\u00e1 in\u00edcio em 17 de mar\u00e7o e se&#8230;<\/p>\n","protected":false},"author":1527,"featured_media":57626,"comment_status":"closed","ping_status":"closed","sticky":false,"template":"","format":"standard","meta":{"footnotes":""},"categories":[6],"tags":[],"class_list":["post-57624","post","type-post","status-publish","format-standard","has-post-thumbnail","hentry","category-noticias"],"_links":{"self":[{"href":"https:\/\/www.sincomam.org.br\/index.php\/wp-json\/wp\/v2\/posts\/57624","targetHints":{"allow":["GET"]}}],"collection":[{"href":"https:\/\/www.sincomam.org.br\/index.php\/wp-json\/wp\/v2\/posts"}],"about":[{"href":"https:\/\/www.sincomam.org.br\/index.php\/wp-json\/wp\/v2\/types\/post"}],"author":[{"embeddable":true,"href":"https:\/\/www.sincomam.org.br\/index.php\/wp-json\/wp\/v2\/users\/1527"}],"replies":[{"embeddable":true,"href":"https:\/\/www.sincomam.org.br\/index.php\/wp-json\/wp\/v2\/comments?post=57624"}],"version-history":[{"count":1,"href":"https:\/\/www.sincomam.org.br\/index.php\/wp-json\/wp\/v2\/posts\/57624\/revisions"}],"predecessor-version":[{"id":57627,"href":"https:\/\/www.sincomam.org.br\/index.php\/wp-json\/wp\/v2\/posts\/57624\/revisions\/57627"}],"wp:featuredmedia":[{"embeddable":true,"href":"https:\/\/www.sincomam.org.br\/index.php\/wp-json\/wp\/v2\/media\/57626"}],"wp:attachment":[{"href":"https:\/\/www.sincomam.org.br\/index.php\/wp-json\/wp\/v2\/media?parent=57624"}],"wp:term":[{"taxonomy":"category","embeddable":true,"href":"https:\/\/www.sincomam.org.br\/index.php\/wp-json\/wp\/v2\/categories?post=57624"},{"taxonomy":"post_tag","embeddable":true,"href":"https:\/\/www.sincomam.org.br\/index.php\/wp-json\/wp\/v2\/tags?post=57624"}],"curies":[{"name":"wp","href":"https:\/\/api.w.org\/{rel}","templated":true}]}}