{"id":5759,"date":"2014-05-29T08:24:41","date_gmt":"2014-05-29T11:24:41","guid":{"rendered":"http:\/\/www.sincomam.org.br\/?p=5759"},"modified":"2014-05-28T21:56:48","modified_gmt":"2014-05-29T00:56:48","slug":"trabalhadores-encerram-greve-no-polo-naval-do-rio-grande","status":"publish","type":"post","link":"https:\/\/www.sincomam.org.br\/index.php\/trabalhadores-encerram-greve-no-polo-naval-do-rio-grande\/","title":{"rendered":"Trabalhadores encerram greve no polo naval do Rio Grande"},"content":{"rendered":"<p>Ap\u00f3s dois dias de greve, os oper\u00e1rios do Polo Naval de Rio Grande decidiram retomar as atividades nesta quarta-feira (28). Em assembleia extraordin\u00e1ria, eles aprovaram a proposta de reajuste de 9,5% no sal\u00e1rio e vale-alimenta\u00e7\u00e3o no valor de R$ 340. <\/p>\n<p>\u201cHouve 100% de aceita\u00e7\u00e3o, e todos voltaram ao trabalho imediatamente\u201d, disse o presidente do Sindicato dos Trabalhadores das Ind\u00fastrias Metal\u00fargicas e de Material El\u00e9trico de Rio Grande e S\u00e3o Jos\u00e9 do Norte (Stimmmerg), Benito de Oliveira Gon\u00e7alves. Ele estima que cerca de 10 mil oper\u00e1rios estiveram parados, o que representa 90% da m\u00e3o de obra do Polo Naval.<\/p>\n<p>\u00a0O maior prejudicado pela paralisa\u00e7\u00e3o foi o Estaleiro Rio Grande, da Ecovix, que est\u00e1 construindo oito cascos de navios para uso nos campos petrol\u00edferos do pr\u00e9-sal da bacia de Santos. A montagem de plataformas, feita por outras empresas, passa por um per\u00edodo de intervalo. Segundo Benito, o acordo salarial deve resultar em maior produtividade dos trabalhadores. \u201cN\u00e3o adianta. Trabalhador descontente trabalha mal\u201d, disse.<\/p>\n<p>Ainda segundo o representante do sindicato, o dia de greve causou um preju\u00edzo de R$ 3 milh\u00f5es ao Polo Naval. Ele disse que tamb\u00e9m \u00e9 necess\u00e1rio melhorar as condi\u00e7\u00f5es de higiene, alimenta\u00e7\u00e3o e at\u00e9 mesmo o tratamento dos encarregados com os oper\u00e1rios. \u201cJ\u00e1 conseguimos um compromisso tamb\u00e9m nesse sentido\u201d, afirmou.<\/p>\n<p>Fonte: Petronot\u00edcias<\/p>\n","protected":false},"excerpt":{"rendered":"<p>Ap\u00f3s dois dias de greve, os oper\u00e1rios do Polo Naval de Rio Grande decidiram retomar as atividades nesta quarta-feira (28). Em assembleia extraordin\u00e1ria, eles aprovaram&#8230;<\/p>\n","protected":false},"author":1182,"featured_media":5708,"comment_status":"closed","ping_status":"closed","sticky":false,"template":"","format":"standard","meta":{"footnotes":""},"categories":[6],"tags":[244,80,79,1319],"class_list":["post-5759","post","type-post","status-publish","format-standard","has-post-thumbnail","hentry","category-noticias","tag-greve","tag-porto","tag-rio-grande","tag-termina"],"_links":{"self":[{"href":"https:\/\/www.sincomam.org.br\/index.php\/wp-json\/wp\/v2\/posts\/5759","targetHints":{"allow":["GET"]}}],"collection":[{"href":"https:\/\/www.sincomam.org.br\/index.php\/wp-json\/wp\/v2\/posts"}],"about":[{"href":"https:\/\/www.sincomam.org.br\/index.php\/wp-json\/wp\/v2\/types\/post"}],"author":[{"embeddable":true,"href":"https:\/\/www.sincomam.org.br\/index.php\/wp-json\/wp\/v2\/users\/1182"}],"replies":[{"embeddable":true,"href":"https:\/\/www.sincomam.org.br\/index.php\/wp-json\/wp\/v2\/comments?post=5759"}],"version-history":[{"count":1,"href":"https:\/\/www.sincomam.org.br\/index.php\/wp-json\/wp\/v2\/posts\/5759\/revisions"}],"predecessor-version":[{"id":5760,"href":"https:\/\/www.sincomam.org.br\/index.php\/wp-json\/wp\/v2\/posts\/5759\/revisions\/5760"}],"wp:featuredmedia":[{"embeddable":true,"href":"https:\/\/www.sincomam.org.br\/index.php\/wp-json\/wp\/v2\/media\/5708"}],"wp:attachment":[{"href":"https:\/\/www.sincomam.org.br\/index.php\/wp-json\/wp\/v2\/media?parent=5759"}],"wp:term":[{"taxonomy":"category","embeddable":true,"href":"https:\/\/www.sincomam.org.br\/index.php\/wp-json\/wp\/v2\/categories?post=5759"},{"taxonomy":"post_tag","embeddable":true,"href":"https:\/\/www.sincomam.org.br\/index.php\/wp-json\/wp\/v2\/tags?post=5759"}],"curies":[{"name":"wp","href":"https:\/\/api.w.org\/{rel}","templated":true}]}}