{"id":57578,"date":"2025-03-05T11:27:48","date_gmt":"2025-03-05T14:27:48","guid":{"rendered":"https:\/\/www.sincomam.org.br\/?p=57578"},"modified":"2025-03-05T11:28:18","modified_gmt":"2025-03-05T14:28:18","slug":"57578","status":"publish","type":"post","link":"https:\/\/www.sincomam.org.br\/index.php\/57578\/","title":{"rendered":"MPor e Antaq realizam audi\u00eancia p\u00fablica sobre arrendamento do Tecon Santos 10"},"content":{"rendered":"<p>O Minist\u00e9rio de Portos e Aeroportos (MPor) e a Ag\u00eancia Nacional de Transportes Aquavi\u00e1rios (Antaq) promover\u00e3o, no dia 18 de mar\u00e7o, uma audi\u00eancia p\u00fablica para discutir os documentos relativos ao arrendamento do megaterminal de cont\u00eaineres Tecon Santos 10. Previsto para ser o maior empreendimento do segmento na Am\u00e9rica Latina, o terminal ser\u00e1 essencial para a movimenta\u00e7\u00e3o e armazenagem de cargas, consolidando-se como um hub log\u00edstico portu\u00e1rio.<\/p>\n<p>Com investimentos estimados em R$ 5,6 bilh\u00f5es ao longo de 25 anos, o projeto prev\u00ea ampliar a capacidade do terminal em 50%, passando de 6 milh\u00f5es para 9 milh\u00f5es de unidades movimentadas. O montante inclui obras na \u00e1rea arrendada e melhorias em \u00e1reas comuns do porto organizado, como dragagens da \u00e1rea de manobra e dos ber\u00e7os de atraca\u00e7\u00e3o do novo terminal.<\/p>\n<p>O ministro Silvio Costa Filho destacou a import\u00e2ncia do empreendimento para o desenvolvimento econ\u00f4mico e log\u00edstico do pa\u00eds. \u201cEsse megaterminal vai elevar a capacidade log\u00edstica brasileira e fortalecer nossas exporta\u00e7\u00f5es. Isso significa novas oportunidades de trabalho, aumento da renda dos brasileiros e crescimento econ\u00f4mico para o Brasil\u201d, afirmou.<\/p>\n<p>A audi\u00eancia ser\u00e1 realizada virtualmente \u00e0s 14h30, com transmiss\u00e3o pelo canal da Antaq no YouTube. Interessados em participar devem se inscrever pelo WhatsApp, no n\u00famero (61) 2029-6940, no dia 17 de mar\u00e7o, das 9h \u00e0s 17h. As contribui\u00e7\u00f5es podem ser enviadas at\u00e9 24 de mar\u00e7o exclusivamente pelo formul\u00e1rio eletr\u00f4nico no site da Antaq, com possibilidade de anexa\u00e7\u00e3o de imagens digitais via e-mail. Caso necess\u00e1rio, a ag\u00eancia disponibilizar\u00e1 computadores em sua Secretaria-Geral, em Bras\u00edlia, e nas Unidades Regionais para a participa\u00e7\u00e3o no processo.<\/p>\n<p>Fonte: Portos e Navios <\/p>\n","protected":false},"excerpt":{"rendered":"<p>O Minist\u00e9rio de Portos e Aeroportos (MPor) e a Ag\u00eancia Nacional de Transportes Aquavi\u00e1rios (Antaq) promover\u00e3o, no dia 18 de mar\u00e7o, uma audi\u00eancia p\u00fablica para&#8230;<\/p>\n","protected":false},"author":1527,"featured_media":57580,"comment_status":"closed","ping_status":"closed","sticky":false,"template":"","format":"standard","meta":{"footnotes":""},"categories":[6],"tags":[],"class_list":["post-57578","post","type-post","status-publish","format-standard","has-post-thumbnail","hentry","category-noticias"],"_links":{"self":[{"href":"https:\/\/www.sincomam.org.br\/index.php\/wp-json\/wp\/v2\/posts\/57578","targetHints":{"allow":["GET"]}}],"collection":[{"href":"https:\/\/www.sincomam.org.br\/index.php\/wp-json\/wp\/v2\/posts"}],"about":[{"href":"https:\/\/www.sincomam.org.br\/index.php\/wp-json\/wp\/v2\/types\/post"}],"author":[{"embeddable":true,"href":"https:\/\/www.sincomam.org.br\/index.php\/wp-json\/wp\/v2\/users\/1527"}],"replies":[{"embeddable":true,"href":"https:\/\/www.sincomam.org.br\/index.php\/wp-json\/wp\/v2\/comments?post=57578"}],"version-history":[{"count":2,"href":"https:\/\/www.sincomam.org.br\/index.php\/wp-json\/wp\/v2\/posts\/57578\/revisions"}],"predecessor-version":[{"id":57582,"href":"https:\/\/www.sincomam.org.br\/index.php\/wp-json\/wp\/v2\/posts\/57578\/revisions\/57582"}],"wp:featuredmedia":[{"embeddable":true,"href":"https:\/\/www.sincomam.org.br\/index.php\/wp-json\/wp\/v2\/media\/57580"}],"wp:attachment":[{"href":"https:\/\/www.sincomam.org.br\/index.php\/wp-json\/wp\/v2\/media?parent=57578"}],"wp:term":[{"taxonomy":"category","embeddable":true,"href":"https:\/\/www.sincomam.org.br\/index.php\/wp-json\/wp\/v2\/categories?post=57578"},{"taxonomy":"post_tag","embeddable":true,"href":"https:\/\/www.sincomam.org.br\/index.php\/wp-json\/wp\/v2\/tags?post=57578"}],"curies":[{"name":"wp","href":"https:\/\/api.w.org\/{rel}","templated":true}]}}