{"id":57574,"date":"2025-03-05T11:26:21","date_gmt":"2025-03-05T14:26:21","guid":{"rendered":"https:\/\/www.sincomam.org.br\/?p=57574"},"modified":"2025-03-05T11:26:21","modified_gmt":"2025-03-05T14:26:21","slug":"porto-de-paranagua-amplia-calado-para-navios-porta-conteineres","status":"publish","type":"post","link":"https:\/\/www.sincomam.org.br\/index.php\/porto-de-paranagua-amplia-calado-para-navios-porta-conteineres\/","title":{"rendered":"Porto de Paranagu\u00e1 amplia calado para navios porta-cont\u00eaineres"},"content":{"rendered":"<p>O Porto de Paranagu\u00e1 passou a operar, a partir desta sexta-feira (28), com um novo limite de calado para navios porta-cont\u00eaineres, que passou de 12,6 metros para 12,8 metros. A medida representa um ganho operacional de aproximadamente 160 TEUs por navio e foi oficializada pela Portaria n\u00ba 014\/2025 da Norma de Tr\u00e1fego Mar\u00edtimo e Perman\u00eancia nos Portos de Paranagu\u00e1 e Antonina.<\/p>\n<p>A autoriza\u00e7\u00e3o foi concedida pela Marinha do Brasil, com anu\u00eancia da Autoridade Portu\u00e1ria e da praticagem local. Segundo Luiz Fernando Garcia, diretor-presidente da Portos do Paran\u00e1, a mudan\u00e7a faz parte do esfor\u00e7o cont\u00ednuo para tornar o porto mais eficiente e competitivo. O terminal, que \u00e9 o principal corredor de exporta\u00e7\u00e3o de frango congelado do mundo, movimentou 1,55 milh\u00e3o de TEUs em 2024, um crescimento de 24% em rela\u00e7\u00e3o a 2023.<\/p>\n<p>Nos \u00faltimos meses, outros ber\u00e7os e p\u00ederes do porto tamb\u00e9m tiveram aumento de calado, incluindo aqueles dedicados \u00e0 exporta\u00e7\u00e3o de gran\u00e9is s\u00f3lidos e fertilizantes, que passaram de 12,8 metros para 13,1 metros. Al\u00e9m disso, a remo\u00e7\u00e3o de parte da Pedra da Palangana, conclu\u00edda em novembro de 2024, facilitou a passagem dos navios, garantindo mais seguran\u00e7a e permitindo a amplia\u00e7\u00e3o do calado. A obra foi realizada em conformidade com as normas ambientais do Ibama.<\/p>\n<p>Fonte: Portos e Navios<\/p>\n","protected":false},"excerpt":{"rendered":"<p>O Porto de Paranagu\u00e1 passou a operar, a partir desta sexta-feira (28), com um novo limite de calado para navios porta-cont\u00eaineres, que passou de 12,6&#8230;<\/p>\n","protected":false},"author":1527,"featured_media":57576,"comment_status":"closed","ping_status":"closed","sticky":false,"template":"","format":"standard","meta":{"footnotes":""},"categories":[6],"tags":[],"class_list":["post-57574","post","type-post","status-publish","format-standard","has-post-thumbnail","hentry","category-noticias"],"_links":{"self":[{"href":"https:\/\/www.sincomam.org.br\/index.php\/wp-json\/wp\/v2\/posts\/57574","targetHints":{"allow":["GET"]}}],"collection":[{"href":"https:\/\/www.sincomam.org.br\/index.php\/wp-json\/wp\/v2\/posts"}],"about":[{"href":"https:\/\/www.sincomam.org.br\/index.php\/wp-json\/wp\/v2\/types\/post"}],"author":[{"embeddable":true,"href":"https:\/\/www.sincomam.org.br\/index.php\/wp-json\/wp\/v2\/users\/1527"}],"replies":[{"embeddable":true,"href":"https:\/\/www.sincomam.org.br\/index.php\/wp-json\/wp\/v2\/comments?post=57574"}],"version-history":[{"count":1,"href":"https:\/\/www.sincomam.org.br\/index.php\/wp-json\/wp\/v2\/posts\/57574\/revisions"}],"predecessor-version":[{"id":57577,"href":"https:\/\/www.sincomam.org.br\/index.php\/wp-json\/wp\/v2\/posts\/57574\/revisions\/57577"}],"wp:featuredmedia":[{"embeddable":true,"href":"https:\/\/www.sincomam.org.br\/index.php\/wp-json\/wp\/v2\/media\/57576"}],"wp:attachment":[{"href":"https:\/\/www.sincomam.org.br\/index.php\/wp-json\/wp\/v2\/media?parent=57574"}],"wp:term":[{"taxonomy":"category","embeddable":true,"href":"https:\/\/www.sincomam.org.br\/index.php\/wp-json\/wp\/v2\/categories?post=57574"},{"taxonomy":"post_tag","embeddable":true,"href":"https:\/\/www.sincomam.org.br\/index.php\/wp-json\/wp\/v2\/tags?post=57574"}],"curies":[{"name":"wp","href":"https:\/\/api.w.org\/{rel}","templated":true}]}}