{"id":57564,"date":"2025-02-28T12:40:48","date_gmt":"2025-02-28T15:40:48","guid":{"rendered":"https:\/\/www.sincomam.org.br\/?p=57564"},"modified":"2025-02-28T12:40:48","modified_gmt":"2025-02-28T15:40:48","slug":"saque-aniversario-futuros-demitidos-continuam-com-fgts-bloqueado","status":"publish","type":"post","link":"https:\/\/www.sincomam.org.br\/index.php\/saque-aniversario-futuros-demitidos-continuam-com-fgts-bloqueado\/","title":{"rendered":"Saque-anivers\u00e1rio: futuros demitidos continuam com FGTS bloqueado"},"content":{"rendered":"<p>O trabalhador demitido desde 2020 que aderiu ao saque-anivers\u00e1rio n\u00e3o ter\u00e1 de sair da modalidade para sacar o saldo retido do Fundo de Garantia do Tempo de Servi\u00e7o (FGTS),\u00a0esclareceu nesta quinta-feira (27) o Pal\u00e1cio do Planalto. No entanto, quem for dispensado sem justa causa ap\u00f3s 28 de fevereiro continuar\u00e1 a ter os dep\u00f3sitos do empregador bloqueados, recebendo apenas a multa rescis\u00f3ria de 40%.<img decoding=\"async\" src=\"https:\/\/agenciabrasil.ebc.com.br\/ebc.png?id=1632175&amp;o=node\" \/><img decoding=\"async\" src=\"https:\/\/agenciabrasil.ebc.com.br\/ebc.gif?id=1632175&amp;o=node\" \/><\/p>\n<p>Havia d\u00favidas sobre se, com a publica\u00e7\u00e3o da medida provis\u00f3ria que\u00a0liberar\u00e1 cerca de 12 bilh\u00f5es de saldo\u00a0retido no FGTS, o benef\u00edcio valeria para futuros demitidos. A Secretaria de Comunica\u00e7\u00e3o Social (Secom) da Presid\u00eancia da Rep\u00fablica esclareceu que a libera\u00e7\u00e3o dos recursos \u00e9 excepcional e n\u00e3o vai alterar as demais regras do saque-anivers\u00e1rio.<\/p>\n<blockquote><p>\u201cA medida provis\u00f3ria, que ser\u00e1 publicada nesta sexta-feira, 28 de fevereiro, n\u00e3o altera as regras do saque-anivers\u00e1rio, apenas viabiliza a libera\u00e7\u00e3o tempor\u00e1ria dos valores bloqueados. A libera\u00e7\u00e3o do saldo ocorre de forma excepcional e n\u00e3o altera a op\u00e7\u00e3o do trabalhador pelo saque-anivers\u00e1rio\u201d, publicou a Secom em comunicado.<\/p><\/blockquote>\n<p>A pasta ressalta que, no entanto,\u00a0ap\u00f3s 28 de fevereiro de 2025, aqueles que aderirem ao saque-anivers\u00e1rio e forem demitidos ter\u00e3o seus saldos bloqueados novamente,\u00a0podendo sacar apenas a multa rescis\u00f3ria.<\/p>\n<h2>Calend\u00e1rio<\/h2>\n<p>Segundo calend\u00e1rio divulgado na quinta-feira (26) pelo ministro do Trabalho, Luiz Marinho, o\u00a0saldo retido ser\u00e1 liberado em duas etapas: uma para valores de at\u00e9 R$ 3 mil, ainda em mar\u00e7o; com a diferen\u00e7a acima de R$ 3 mil sendo liberada em junho.<\/p>\n<h2>As datas s\u00e3o as seguintes<\/h2>\n<p><strong>&gt;&gt;Valores at\u00e9 R$ 3 mil<\/strong><\/p>\n<p>\u2022 \u00a0 \u00a0 6 de marc\u0327o: nascidos em janeiro, fevereiro, marc\u0327o e abril;<\/p>\n<p>\u2022 \u00a0 \u00a0 7 de marc\u0327o: nascidos em maio, junho, julho e agosto;<\/p>\n<p>\u2022 \u00a0 \u00a0 10 de marc\u0327o: nascidos em setembro, outubro, novembro e dezembro.<\/p>\n<p><strong>&gt;&gt;Valores acima de R$ 3 mil<\/strong><\/p>\n<p>\u2022 \u00a0 \u00a0 17 de junho: nascidos janeiro, fevereiro, marc\u0327o e abril;<\/p>\n<p>\u2022 \u00a0 \u00a0 18 de junho: nascidos em maio, junho, julho e agosto;<\/p>\n<p>\u2022 \u00a0 \u00a0 20 de junho: nascidos em setembro, outubro, novembro e dezembro.<\/p>\n<h2>Retirada<\/h2>\n<p>Criado em 2019 e em vigor desde 2020, o\u00a0saque-anivers\u00e1rio permite a retirada de parte do saldo de qualquer conta ativa ou inativa do fundo a cada ano, no m\u00eas de anivers\u00e1rio. Em troca, o trabalhador n\u00e3o poder\u00e1 sacar o valor depositado pela empresa em caso de demiss\u00e3o sem justa causa, apenas a multa rescis\u00f3ria de 40%.<\/p>\n<p>O per\u00edodo de saques come\u00e7a no primeiro dia \u00fatil do m\u00eas de anivers\u00e1rio do trabalhador. Os valores ficam dispon\u00edveis at\u00e9 o \u00faltimo dia \u00fatil do segundo m\u00eas subsequente. Caso o dinheiro n\u00e3o seja retirado no prazo, volta para as contas do FGTS em nome do trabalhador.<\/p>\n<p>Fonte: Ag\u00eancia Brasil<\/p>\n","protected":false},"excerpt":{"rendered":"<p>O trabalhador demitido desde 2020 que aderiu ao saque-anivers\u00e1rio n\u00e3o ter\u00e1 de sair da modalidade para sacar o saldo retido do Fundo de Garantia do&#8230;<\/p>\n","protected":false},"author":1527,"featured_media":57566,"comment_status":"closed","ping_status":"closed","sticky":false,"template":"","format":"standard","meta":{"footnotes":""},"categories":[6],"tags":[],"class_list":["post-57564","post","type-post","status-publish","format-standard","has-post-thumbnail","hentry","category-noticias"],"_links":{"self":[{"href":"https:\/\/www.sincomam.org.br\/index.php\/wp-json\/wp\/v2\/posts\/57564","targetHints":{"allow":["GET"]}}],"collection":[{"href":"https:\/\/www.sincomam.org.br\/index.php\/wp-json\/wp\/v2\/posts"}],"about":[{"href":"https:\/\/www.sincomam.org.br\/index.php\/wp-json\/wp\/v2\/types\/post"}],"author":[{"embeddable":true,"href":"https:\/\/www.sincomam.org.br\/index.php\/wp-json\/wp\/v2\/users\/1527"}],"replies":[{"embeddable":true,"href":"https:\/\/www.sincomam.org.br\/index.php\/wp-json\/wp\/v2\/comments?post=57564"}],"version-history":[{"count":1,"href":"https:\/\/www.sincomam.org.br\/index.php\/wp-json\/wp\/v2\/posts\/57564\/revisions"}],"predecessor-version":[{"id":57567,"href":"https:\/\/www.sincomam.org.br\/index.php\/wp-json\/wp\/v2\/posts\/57564\/revisions\/57567"}],"wp:featuredmedia":[{"embeddable":true,"href":"https:\/\/www.sincomam.org.br\/index.php\/wp-json\/wp\/v2\/media\/57566"}],"wp:attachment":[{"href":"https:\/\/www.sincomam.org.br\/index.php\/wp-json\/wp\/v2\/media?parent=57564"}],"wp:term":[{"taxonomy":"category","embeddable":true,"href":"https:\/\/www.sincomam.org.br\/index.php\/wp-json\/wp\/v2\/categories?post=57564"},{"taxonomy":"post_tag","embeddable":true,"href":"https:\/\/www.sincomam.org.br\/index.php\/wp-json\/wp\/v2\/tags?post=57564"}],"curies":[{"name":"wp","href":"https:\/\/api.w.org\/{rel}","templated":true}]}}