{"id":57560,"date":"2025-02-28T12:39:36","date_gmt":"2025-02-28T15:39:36","guid":{"rendered":"https:\/\/www.sincomam.org.br\/?p=57560"},"modified":"2025-02-28T12:39:36","modified_gmt":"2025-02-28T15:39:36","slug":"inss-antecipa-pagamento-de-aposentados-e-pensionistas-em-marco","status":"publish","type":"post","link":"https:\/\/www.sincomam.org.br\/index.php\/inss-antecipa-pagamento-de-aposentados-e-pensionistas-em-marco\/","title":{"rendered":"INSS antecipa pagamento de aposentados e pensionistas em mar\u00e7o"},"content":{"rendered":"<p>Cerca de 15 milh\u00f5es de aposentados e pensionistas do Instituto Nacional do Seguro Social (INSS) ter\u00e3o o benef\u00edcio antecipado.\u00a0Os pagamentos programados para 10, 11 e 12 de mar\u00e7o ser\u00e3o pagos em 6 e 7 de mar\u00e7o.<img decoding=\"async\" src=\"https:\/\/agenciabrasil.ebc.com.br\/ebc.png?id=1632208&amp;o=node\" \/><img decoding=\"async\" src=\"https:\/\/agenciabrasil.ebc.com.br\/ebc.gif?id=1632208&amp;o=node\" \/><\/p>\n<p>Com a decis\u00e3o, o INSS terminar\u00e1 de pagar todos os 40,6 milh\u00f5es de benefici\u00e1rios at\u00e9 a primeira semana de mar\u00e7o. Em nota, o Pal\u00e1cio do Planalto informou que esta foi uma determina\u00e7\u00e3o do presidente Luiz In\u00e1cio Lula da Silva.<\/p>\n<p>A medida beneficia os segurados com o cart\u00e3o de benef\u00edcio com n\u00famero final (sem o d\u00edgito verificador) 8, 9 e 0, no caso de quem recebe um sal\u00e1rio-m\u00ednimo. Entre quem recebe acima do m\u00ednimo, beneficiar\u00e1 os segurados com o d\u00edgito final 3 a 0.<\/p>\n<p>A primeira etapa de pagamento, para quem recebe at\u00e9 um sal\u00e1rio m\u00ednimo, come\u00e7ou em 24 de fevereiro. A segunda etapa, para quem ganha acima do m\u00ednimo, come\u00e7ar\u00e1 no dia 6.<\/p>\n<p>A decis\u00e3o evita que o carnaval de 2025, que cai no in\u00edcio de mar\u00e7o, afete o pagamento de aposentadorias e pens\u00f5es. Por causa dos dias de feriado banc\u00e1rio, os benef\u00edcios previstos para 3 de mar\u00e7o em diante foram adiados, o que faria parte dos segurados receber o pagamento de fevereiro apenas na segunda semana de mar\u00e7o.<\/p>\n<p>Fonte: Ag\u00eancia Brasil<\/p>\n","protected":false},"excerpt":{"rendered":"<p>Cerca de 15 milh\u00f5es de aposentados e pensionistas do Instituto Nacional do Seguro Social (INSS) ter\u00e3o o benef\u00edcio antecipado.\u00a0Os pagamentos programados para 10, 11 e&#8230;<\/p>\n","protected":false},"author":1527,"featured_media":57562,"comment_status":"closed","ping_status":"closed","sticky":false,"template":"","format":"standard","meta":{"footnotes":""},"categories":[6],"tags":[],"class_list":["post-57560","post","type-post","status-publish","format-standard","has-post-thumbnail","hentry","category-noticias"],"_links":{"self":[{"href":"https:\/\/www.sincomam.org.br\/index.php\/wp-json\/wp\/v2\/posts\/57560","targetHints":{"allow":["GET"]}}],"collection":[{"href":"https:\/\/www.sincomam.org.br\/index.php\/wp-json\/wp\/v2\/posts"}],"about":[{"href":"https:\/\/www.sincomam.org.br\/index.php\/wp-json\/wp\/v2\/types\/post"}],"author":[{"embeddable":true,"href":"https:\/\/www.sincomam.org.br\/index.php\/wp-json\/wp\/v2\/users\/1527"}],"replies":[{"embeddable":true,"href":"https:\/\/www.sincomam.org.br\/index.php\/wp-json\/wp\/v2\/comments?post=57560"}],"version-history":[{"count":1,"href":"https:\/\/www.sincomam.org.br\/index.php\/wp-json\/wp\/v2\/posts\/57560\/revisions"}],"predecessor-version":[{"id":57563,"href":"https:\/\/www.sincomam.org.br\/index.php\/wp-json\/wp\/v2\/posts\/57560\/revisions\/57563"}],"wp:featuredmedia":[{"embeddable":true,"href":"https:\/\/www.sincomam.org.br\/index.php\/wp-json\/wp\/v2\/media\/57562"}],"wp:attachment":[{"href":"https:\/\/www.sincomam.org.br\/index.php\/wp-json\/wp\/v2\/media?parent=57560"}],"wp:term":[{"taxonomy":"category","embeddable":true,"href":"https:\/\/www.sincomam.org.br\/index.php\/wp-json\/wp\/v2\/categories?post=57560"},{"taxonomy":"post_tag","embeddable":true,"href":"https:\/\/www.sincomam.org.br\/index.php\/wp-json\/wp\/v2\/tags?post=57560"}],"curies":[{"name":"wp","href":"https:\/\/api.w.org\/{rel}","templated":true}]}}