{"id":57546,"date":"2025-02-28T12:02:22","date_gmt":"2025-02-28T15:02:22","guid":{"rendered":"https:\/\/www.sincomam.org.br\/?p=57546"},"modified":"2025-02-28T12:02:22","modified_gmt":"2025-02-28T15:02:22","slug":"brasil-e-portugal-assinam-acordo-para-cooperacao-no-setor-portuario","status":"publish","type":"post","link":"https:\/\/www.sincomam.org.br\/index.php\/brasil-e-portugal-assinam-acordo-para-cooperacao-no-setor-portuario\/","title":{"rendered":"Brasil e Portugal assinam acordo para coopera\u00e7\u00e3o no setor portu\u00e1rio"},"content":{"rendered":"<p>O ministro de Portos e Aeroportos, Silvio Costa Filho, e o ministro de Estado e de Neg\u00f3cios Estrangeiros de Portugal, Paulo Rangel, assinaram um memorando de entendimento para ampliar a coopera\u00e7\u00e3o entre os dois pa\u00edses no setor portu\u00e1rio e no desenvolvimento da infraestrutura e opera\u00e7\u00f5es dos terminais. O acordo estabelece o compromisso de Brasil e Portugal na troca de conhecimentos sobre sustentabilidade e descarboniza\u00e7\u00e3o dos portos, al\u00e9m do desenvolvimento de corredores verdes entre os portos dos dois pa\u00edses. Tamb\u00e9m prev\u00ea a coopera\u00e7\u00e3o em digitaliza\u00e7\u00e3o, sistemas de informa\u00e7\u00e3o portu\u00e1ria, incluindo a Janela \u00danica Portu\u00e1ria e o Porto sem Papel, bem como iniciativas voltadas \u00e0 rela\u00e7\u00e3o porto-cidade e \u00e0 prote\u00e7\u00e3o ambiental.<\/p>\n<p>A parceria inclui ainda o compartilhamento de tecnologia, experi\u00eancias em engenharia e constru\u00e7\u00e3o portu\u00e1ria, interc\u00e2mbio de especialistas e programas de forma\u00e7\u00e3o. Para o ministro Silvio Costa Filho, as medidas acordadas fortalecer\u00e3o o setor portu\u00e1rio de ambos os pa\u00edses, alinhando-se \u00e0s exig\u00eancias do com\u00e9rcio internacional por pr\u00e1ticas mais sustent\u00e1veis. \u201cNo com\u00e9rcio internacional, ser\u00e1 protagonista quem adotar medidas de descarboniza\u00e7\u00e3o e redu\u00e7\u00e3o da emiss\u00e3o de gases de efeito estufa. Esta parceria com Portugal coloca nossos pa\u00edses nesta linha, ajustando n\u00e3o apenas nossas infraestruturas, mas toda a navega\u00e7\u00e3o no caminho da sustentabilidade\u201d, afirmou.<\/p>\n<p>O memorando tamb\u00e9m incentiva a participa\u00e7\u00e3o do setor privado no processo de coopera\u00e7\u00e3o e prev\u00ea a cria\u00e7\u00e3o de um grupo de trabalho para coordenar as a\u00e7\u00f5es estabelecidas no documento.<\/p>\n<p>Fonte: Portos e Navios<\/p>\n","protected":false},"excerpt":{"rendered":"<p>O ministro de Portos e Aeroportos, Silvio Costa Filho, e o ministro de Estado e de Neg\u00f3cios Estrangeiros de Portugal, Paulo Rangel, assinaram um memorando&#8230;<\/p>\n","protected":false},"author":1527,"featured_media":57548,"comment_status":"closed","ping_status":"closed","sticky":false,"template":"","format":"standard","meta":{"footnotes":""},"categories":[6],"tags":[],"class_list":["post-57546","post","type-post","status-publish","format-standard","has-post-thumbnail","hentry","category-noticias"],"_links":{"self":[{"href":"https:\/\/www.sincomam.org.br\/index.php\/wp-json\/wp\/v2\/posts\/57546","targetHints":{"allow":["GET"]}}],"collection":[{"href":"https:\/\/www.sincomam.org.br\/index.php\/wp-json\/wp\/v2\/posts"}],"about":[{"href":"https:\/\/www.sincomam.org.br\/index.php\/wp-json\/wp\/v2\/types\/post"}],"author":[{"embeddable":true,"href":"https:\/\/www.sincomam.org.br\/index.php\/wp-json\/wp\/v2\/users\/1527"}],"replies":[{"embeddable":true,"href":"https:\/\/www.sincomam.org.br\/index.php\/wp-json\/wp\/v2\/comments?post=57546"}],"version-history":[{"count":1,"href":"https:\/\/www.sincomam.org.br\/index.php\/wp-json\/wp\/v2\/posts\/57546\/revisions"}],"predecessor-version":[{"id":57549,"href":"https:\/\/www.sincomam.org.br\/index.php\/wp-json\/wp\/v2\/posts\/57546\/revisions\/57549"}],"wp:featuredmedia":[{"embeddable":true,"href":"https:\/\/www.sincomam.org.br\/index.php\/wp-json\/wp\/v2\/media\/57548"}],"wp:attachment":[{"href":"https:\/\/www.sincomam.org.br\/index.php\/wp-json\/wp\/v2\/media?parent=57546"}],"wp:term":[{"taxonomy":"category","embeddable":true,"href":"https:\/\/www.sincomam.org.br\/index.php\/wp-json\/wp\/v2\/categories?post=57546"},{"taxonomy":"post_tag","embeddable":true,"href":"https:\/\/www.sincomam.org.br\/index.php\/wp-json\/wp\/v2\/tags?post=57546"}],"curies":[{"name":"wp","href":"https:\/\/api.w.org\/{rel}","templated":true}]}}