{"id":57538,"date":"2025-02-28T10:32:05","date_gmt":"2025-02-28T13:32:05","guid":{"rendered":"https:\/\/www.sincomam.org.br\/?p=57538"},"modified":"2025-02-28T10:32:05","modified_gmt":"2025-02-28T13:32:05","slug":"marinha-do-brasil-apresenta-potencial-da-economia-azul-em-evento-internacional","status":"publish","type":"post","link":"https:\/\/www.sincomam.org.br\/index.php\/marinha-do-brasil-apresenta-potencial-da-economia-azul-em-evento-internacional\/","title":{"rendered":"Marinha do Brasil apresenta potencial da Economia Azul em evento internacional"},"content":{"rendered":"<p data-start=\"201\" data-end=\"769\">O Brasil foi um dos destaques da\u00a0AMAN Dialogue 2025, confer\u00eancia internacional promovida pela\u00a0Marinha do Paquist\u00e3o\u00a0como parte do exerc\u00edcio naval\u00a0AMAN 2025. Representada pela\u00a0Marinha do Brasil (MB), a delega\u00e7\u00e3o brasileira apresentou um painel sobre\u00a0Economia Azul, abordando a relev\u00e2ncia do setor para a seguran\u00e7a mar\u00edtima e para a economia global. O evento contou com a presen\u00e7a de\u00a0chefes de Marinha, Guardas Costeiras e especialistas de cerca de 60 pa\u00edses, consolidando o Brasil como um parceiro estrat\u00e9gico no cen\u00e1rio mar\u00edtimo internacional.<\/p>\n<h3 data-start=\"771\" data-end=\"826\"><strong data-start=\"774\" data-end=\"824\">A participa\u00e7\u00e3o do Brasil na AMAN Dialogue 2025<\/strong><\/h3>\n<p data-start=\"828\" data-end=\"1214\">A\u00a0AMAN Dialogue 2025\u00a0aconteceu nos dias\u00a08 e 9 de fevereiro, na\u00a0Academia Naval do Paquist\u00e3o, na cidade de\u00a0Karachi. Com o tema\u00a0\u201cMares seguros, futuro pr\u00f3spero\u201d, a confer\u00eancia reuniu l\u00edderes militares, acad\u00eamicos e especialistas em seguran\u00e7a mar\u00edtima de\u00a0cerca de 60 pa\u00edses\u00a0para debater estrat\u00e9gias contra amea\u00e7as nos oceanos e refor\u00e7ar a coopera\u00e7\u00e3o internacional.<\/p>\n<p data-start=\"1216\" data-end=\"1609\">A\u00a0Marinha do Brasil\u00a0teve papel de destaque ao apresentar um painel sobre\u00a0Economia Azul, conduzido pelo\u00a0Comandante de Opera\u00e7\u00f5es Mar\u00edtimas e Prote\u00e7\u00e3o da Amaz\u00f4nia Azul (COMPAAz), Contra-Almirante Alexandre Itiro Villela Assano. Durante a palestra, o Almirante ressaltou a import\u00e2ncia da\u00a0Amaz\u00f4nia Azul\u00a0para o\u00a0Brasil\u00a0e os desafios da prote\u00e7\u00e3o das \u00e1guas jurisdicionais brasileiras.<\/p>\n<p data-start=\"1611\" data-end=\"1895\">O evento contou com a presen\u00e7a de autoridades internacionais, incluindo o\u00a0Chefe do Estado-Maior da Marinha do Paquist\u00e3o, Almirante Naveed Ashraf, que destacou a import\u00e2ncia do compartilhamento de informa\u00e7\u00f5es e da coopera\u00e7\u00e3o tecnol\u00f3gica para garantir a seguran\u00e7a mar\u00edtima global.<\/p>\n<h3 data-start=\"1897\" data-end=\"1965\"><strong data-start=\"1900\" data-end=\"1963\">O conceito de Economia Azul e sua import\u00e2ncia para o Brasil<\/strong><\/h3>\n<p data-start=\"1967\" data-end=\"2323\">A\u00a0Economia Azul\u00a0\u00e9 definida pelo\u00a0Grupo Banco Mundial\u00a0como o desenvolvimento sustent\u00e1vel das atividades econ\u00f4micas nos oceanos, garantindo o equil\u00edbrio entre\u00a0crescimento econ\u00f4mico, preserva\u00e7\u00e3o ambiental e seguran\u00e7a mar\u00edtima. No Brasil, esse conceito tem grande relev\u00e2ncia devido \u00e0\u00a0extensa costa e aos recursos estrat\u00e9gicos da Amaz\u00f4nia Azul.<\/p>\n<h3 data-start=\"2325\" data-end=\"2381\"><strong data-start=\"2329\" data-end=\"2379\">Principais n\u00fameros da Economia Azul no Brasil:<\/strong><\/h3>\n<ul data-start=\"2382\" data-end=\"2771\">\n<li data-start=\"2382\" data-end=\"2442\"><strong data-start=\"2384\" data-end=\"2440\">97% do com\u00e9rcio exterior brasileiro \u00e9 feito pelo mar<\/strong><\/li>\n<li data-start=\"2443\" data-end=\"2512\"><strong data-start=\"2445\" data-end=\"2510\">Setores ligados ao oceano representam at\u00e9 16% do PIB nacional<\/strong><\/li>\n<li data-start=\"2513\" data-end=\"2585\"><strong data-start=\"2515\" data-end=\"2583\">Mais de 20 milh\u00f5es de brasileiros dependem economicamente do mar<\/strong><\/li>\n<li data-start=\"2586\" data-end=\"2664\"><strong data-start=\"2588\" data-end=\"2662\">45% do pescado consumido no Brasil vem da atividade pesqueira mar\u00edtima<\/strong><\/li>\n<li data-start=\"2665\" data-end=\"2771\"><strong data-start=\"2667\" data-end=\"2769\">Cabos submarinos instalados na plataforma continental transmitem 95% dos dados de internet do pa\u00eds<\/strong><\/li>\n<\/ul>\n<p data-start=\"2773\" data-end=\"3068\">Al\u00e9m disso, a\u00a0plataforma continental brasileira\u00a0abriga grandes reservas de petr\u00f3leo e g\u00e1s, al\u00e9m de minerais estrat\u00e9gicos, como\u00a0cobalto, n\u00edquel e carbonato de c\u00e1lcio. Dessa forma, a\u00a0prote\u00e7\u00e3o e explora\u00e7\u00e3o sustent\u00e1vel desses recursos\u00a0s\u00e3o fundamentais para o desenvolvimento do Brasil.<\/p>\n<h3 data-start=\"3070\" data-end=\"3124\">Coopera\u00e7\u00e3o internacional e seguran\u00e7a mar\u00edtima<\/h3>\n<p data-start=\"3126\" data-end=\"3451\">A seguran\u00e7a mar\u00edtima \u00e9 um dos pilares da\u00a0Economia Azul, pois crimes como\u00a0pirataria, pesca ilegal, polui\u00e7\u00e3o e tr\u00e1fico de drogas\u00a0amea\u00e7am as atividades econ\u00f4micas e a preserva\u00e7\u00e3o ambiental dos oceanos. No evento, a Marinha do Brasil destacou a import\u00e2ncia da\u00a0coopera\u00e7\u00e3o internacional\u00a0para enfrentar esses desafios.<\/p>\n<p data-start=\"3453\" data-end=\"4004\">O\u00a0Comando de Opera\u00e7\u00f5es Mar\u00edtimas e Prote\u00e7\u00e3o da Amaz\u00f4nia Azul (COMPAAz)\u00a0\u00e9 um exemplo desse esfor\u00e7o, monitorando o tr\u00e1fego de embarca\u00e7\u00f5es al\u00e9m das \u00e1guas jurisdicionais brasileiras com o apoio de\u00a0parceiros internacionais, como\u00a0Estados Unidos, Canad\u00e1, It\u00e1lia e Singapura. Durante a\u00a0AMAN Dialogue 2025, a MB iniciou tratativas para incluir a\u00a0Marinha do Paquist\u00e3o\u00a0nesse interc\u00e2mbio de informa\u00e7\u00f5es, por meio do\u00a0Joint Maritime Information Coordination Centre (JMICC), organiza\u00e7\u00e3o respons\u00e1vel pela seguran\u00e7a mar\u00edtima no pa\u00eds asi\u00e1tico.<\/p>\n<p data-start=\"4006\" data-end=\"4124\">O\u00a0Almirante Assano\u00a0ressaltou a relev\u00e2ncia dessas parcerias para garantir a prote\u00e7\u00e3o do com\u00e9rcio mar\u00edtimo global:<\/p>\n<p data-start=\"4126\" data-end=\"4379\"><em data-start=\"4126\" data-end=\"4377\">\u201cEm 2022, o com\u00e9rcio entre Brasil e Paquist\u00e3o movimentou mais de 1,4 bilh\u00e3o de d\u00f3lares, sem contar as transa\u00e7\u00f5es com outros pa\u00edses da regi\u00e3o. Isso demonstra a import\u00e2ncia de um ambiente mar\u00edtimo seguro e a necessidade de coopera\u00e7\u00e3o entre as na\u00e7\u00f5es.\u201d<\/em><\/p>\n<p data-start=\"4381\" data-end=\"4687\">A presen\u00e7a do Brasil na\u00a0AMAN Dialogue 2025\u00a0refor\u00e7ou o compromisso da\u00a0Marinha do Brasil\u00a0com a\u00a0prote\u00e7\u00e3o da Amaz\u00f4nia Azul\u00a0e o desenvolvimento sustent\u00e1vel dos mares. O evento fortaleceu os la\u00e7os diplom\u00e1ticos e abriu novas oportunidades para parcerias estrat\u00e9gicas no setor mar\u00edtimo internacional.<\/p>\n<p data-start=\"4381\" data-end=\"4687\">Fonte: Defesa em Foco<\/p>\n","protected":false},"excerpt":{"rendered":"<p>O Brasil foi um dos destaques da\u00a0AMAN Dialogue 2025, confer\u00eancia internacional promovida pela\u00a0Marinha do Paquist\u00e3o\u00a0como parte do exerc\u00edcio naval\u00a0AMAN 2025. Representada pela\u00a0Marinha do Brasil (MB),&#8230;<\/p>\n","protected":false},"author":1527,"featured_media":57540,"comment_status":"closed","ping_status":"closed","sticky":false,"template":"","format":"standard","meta":{"footnotes":""},"categories":[6],"tags":[],"class_list":["post-57538","post","type-post","status-publish","format-standard","has-post-thumbnail","hentry","category-noticias"],"_links":{"self":[{"href":"https:\/\/www.sincomam.org.br\/index.php\/wp-json\/wp\/v2\/posts\/57538","targetHints":{"allow":["GET"]}}],"collection":[{"href":"https:\/\/www.sincomam.org.br\/index.php\/wp-json\/wp\/v2\/posts"}],"about":[{"href":"https:\/\/www.sincomam.org.br\/index.php\/wp-json\/wp\/v2\/types\/post"}],"author":[{"embeddable":true,"href":"https:\/\/www.sincomam.org.br\/index.php\/wp-json\/wp\/v2\/users\/1527"}],"replies":[{"embeddable":true,"href":"https:\/\/www.sincomam.org.br\/index.php\/wp-json\/wp\/v2\/comments?post=57538"}],"version-history":[{"count":1,"href":"https:\/\/www.sincomam.org.br\/index.php\/wp-json\/wp\/v2\/posts\/57538\/revisions"}],"predecessor-version":[{"id":57541,"href":"https:\/\/www.sincomam.org.br\/index.php\/wp-json\/wp\/v2\/posts\/57538\/revisions\/57541"}],"wp:featuredmedia":[{"embeddable":true,"href":"https:\/\/www.sincomam.org.br\/index.php\/wp-json\/wp\/v2\/media\/57540"}],"wp:attachment":[{"href":"https:\/\/www.sincomam.org.br\/index.php\/wp-json\/wp\/v2\/media?parent=57538"}],"wp:term":[{"taxonomy":"category","embeddable":true,"href":"https:\/\/www.sincomam.org.br\/index.php\/wp-json\/wp\/v2\/categories?post=57538"},{"taxonomy":"post_tag","embeddable":true,"href":"https:\/\/www.sincomam.org.br\/index.php\/wp-json\/wp\/v2\/tags?post=57538"}],"curies":[{"name":"wp","href":"https:\/\/api.w.org\/{rel}","templated":true}]}}