{"id":5753,"date":"2014-05-29T08:36:53","date_gmt":"2014-05-29T11:36:53","guid":{"rendered":"http:\/\/www.sincomam.org.br\/?p=5753"},"modified":"2014-05-28T21:11:13","modified_gmt":"2014-05-29T00:11:13","slug":"internacional-vietna-denuncia-ataque-de-navio-chines-contra-pesqueiro","status":"publish","type":"post","link":"https:\/\/www.sincomam.org.br\/index.php\/internacional-vietna-denuncia-ataque-de-navio-chines-contra-pesqueiro\/","title":{"rendered":"Internacional: Vietn\u00e3 denuncia ataque de navio chin\u00eas contra pesqueiro"},"content":{"rendered":"<p><strong><em>Novo incidente aviva as tens\u00f5es entre os dois pa\u00edses nestas \u00e1guas em disputa<\/p>\n<p><\/em><\/strong>Um navio pesqueiro vietnamita, com dez tripulantes a bordo, foi afundado perto das Ilhas Paracel ap\u00f3s ser atingido por um navio chin\u00eas, um novo incidente que aviva as tens\u00f5es entre os dois pa\u00edses nestas \u00e1guas em disputa.<\/p>\n<p>O incidente ocorreu na tarde de ontem, informo nesta ter\u00e7a-feira o jornal &#8220;Tuoi Tre&#8221;, quando 40 embarca\u00e7\u00f5es chinesas cercaram um grupo de pesqueiros vietnamitas a cerca de 30 quil\u00f4metros ao sul do ponto no qual a China instala uma plataforma petrol\u00edfera da companhia estatal chinesa CNOOC, em \u00e1guas que s\u00e3o reivindicadas por Pequim e Han\u00f3i.<\/p>\n<p>Os dez pescadores vietnamitas que viajavam na embarca\u00e7\u00e3o foram resgatados por outras embarca\u00e7\u00f5es vietnamitas, afirmou o relat\u00f3rio da Guarda Costeira do Vietn\u00e3.<\/p>\n<p>H\u00e1 quase duas semanas manifestantes vietnamitas queimaram v\u00e1rias f\u00e1bricas em um pol\u00edgono industrial com neg\u00f3cios t\u00eaxteis e cal\u00e7adistas taiuaneses, chineses e sul-coreanos na prov\u00edncia de Binh Duong, no sul do pa\u00eds.<\/p>\n<p>As manifesta\u00e7\u00f5es foram convocadas depois de uma embarca\u00e7\u00e3o chinesa bater em outra vietnamita que tentava impedir a instala\u00e7\u00e3o da plataforma petrol\u00edfera nas Ilhas Paracel.<\/p>\n<p>A plataforma estava originariamente nas \u00e1guas ao sul de Hong Kong, mas foi transferida para pr\u00f3ximo das disputadas Paracel (que os chineses denominam Xisha) em 2 de maio, o que foi considerado como uma a\u00e7\u00e3o &#8220;ilegal&#8221; por Han\u00f3i.<\/p>\n<p>Pelo menos quatro chineses morreram e mais de 100 ficaram feridos durante os protestos que incendiaram 15 edif\u00edcios.<\/p>\n<p>A China evacuou mais de seis mil cidad\u00e3os que trabalhavam em projetos no Vietn\u00e3 e anunciou que, como repres\u00e1lia aos violentos incidentes, suspender\u00e1 parte de seus planos de interc\u00e2mbios bilaterais com o Vietn\u00e3, mas n\u00e3o especificou a partir de quando, nem qual \u00e1rea de coopera\u00e7\u00e3o ficar\u00e1 afetada.<\/p>\n<p>O primeiro-ministro do Vietn\u00e3, Nguyen Tan Dung, advertiu na semana passada, em discurso no F\u00f3rum Econ\u00f4mico Mundial (FEM) para a \u00c1sia Oriental realizado em Manila, que este conflito de defensa da soberania com a China pode afetar todo o mundo, e &#8220;poderia inclusive fazer retroceder a tend\u00eancia de crescimento global&#8221;.EFE.<\/p>\n<p>Fonte: EFE \/ Exame<\/p>\n","protected":false},"excerpt":{"rendered":"<p>Novo incidente aviva as tens\u00f5es entre os dois pa\u00edses nestas \u00e1guas em disputa Um navio pesqueiro vietnamita, com dez tripulantes a bordo, foi afundado perto&#8230;<\/p>\n","protected":false},"author":1182,"featured_media":5754,"comment_status":"closed","ping_status":"closed","sticky":false,"template":"","format":"standard","meta":{"footnotes":""},"categories":[6],"tags":[],"class_list":["post-5753","post","type-post","status-publish","format-standard","has-post-thumbnail","hentry","category-noticias"],"_links":{"self":[{"href":"https:\/\/www.sincomam.org.br\/index.php\/wp-json\/wp\/v2\/posts\/5753","targetHints":{"allow":["GET"]}}],"collection":[{"href":"https:\/\/www.sincomam.org.br\/index.php\/wp-json\/wp\/v2\/posts"}],"about":[{"href":"https:\/\/www.sincomam.org.br\/index.php\/wp-json\/wp\/v2\/types\/post"}],"author":[{"embeddable":true,"href":"https:\/\/www.sincomam.org.br\/index.php\/wp-json\/wp\/v2\/users\/1182"}],"replies":[{"embeddable":true,"href":"https:\/\/www.sincomam.org.br\/index.php\/wp-json\/wp\/v2\/comments?post=5753"}],"version-history":[{"count":1,"href":"https:\/\/www.sincomam.org.br\/index.php\/wp-json\/wp\/v2\/posts\/5753\/revisions"}],"predecessor-version":[{"id":5755,"href":"https:\/\/www.sincomam.org.br\/index.php\/wp-json\/wp\/v2\/posts\/5753\/revisions\/5755"}],"wp:featuredmedia":[{"embeddable":true,"href":"https:\/\/www.sincomam.org.br\/index.php\/wp-json\/wp\/v2\/media\/5754"}],"wp:attachment":[{"href":"https:\/\/www.sincomam.org.br\/index.php\/wp-json\/wp\/v2\/media?parent=5753"}],"wp:term":[{"taxonomy":"category","embeddable":true,"href":"https:\/\/www.sincomam.org.br\/index.php\/wp-json\/wp\/v2\/categories?post=5753"},{"taxonomy":"post_tag","embeddable":true,"href":"https:\/\/www.sincomam.org.br\/index.php\/wp-json\/wp\/v2\/tags?post=5753"}],"curies":[{"name":"wp","href":"https:\/\/api.w.org\/{rel}","templated":true}]}}