{"id":57504,"date":"2025-02-26T12:41:07","date_gmt":"2025-02-26T15:41:07","guid":{"rendered":"https:\/\/www.sincomam.org.br\/?p=57504"},"modified":"2025-02-26T12:50:00","modified_gmt":"2025-02-26T15:50:00","slug":"marinha-promove-dialogo-sobre-seguranca-nautica-com-sociedade-civil","status":"publish","type":"post","link":"https:\/\/www.sincomam.org.br\/index.php\/marinha-promove-dialogo-sobre-seguranca-nautica-com-sociedade-civil\/","title":{"rendered":"Marinha promove di\u00e1logo sobre seguran\u00e7a n\u00e1utica com sociedade civil"},"content":{"rendered":"<p>A navega\u00e7\u00e3o segura depende do conhecimento e do cumprimento das normas mar\u00edtimas. Para refor\u00e7ar essa conscientiza\u00e7\u00e3o e ampliar o di\u00e1logo com a sociedade civil, a Marinha do Brasil realizou, no \u00faltimo s\u00e1bado (8), o 2\u00ba F\u00f3rum de Seguran\u00e7a do Navegador Amador. O evento, sediado no Centro Tecnol\u00f3gico da Marinha em S\u00e3o Paulo (CTMSP), reuniu mais de 160 participantes de 15 estados, incluindo pilotos amadores e profissionais, meteorologistas e t\u00e9cnicos de seguran\u00e7a. Com palestras e debates, o f\u00f3rum buscou esclarecer d\u00favidas e refor\u00e7ar o compromisso com a seguran\u00e7a da navega\u00e7\u00e3o e a salvaguarda da vida humana no mar.<\/p>\n<h3><strong>Os objetivos e a import\u00e2ncia do 2\u00ba F\u00f3rum de Seguran\u00e7a do Navegador Amador<\/strong><\/h3>\n<p>A realiza\u00e7\u00e3o do f\u00f3rum teve como principal objetivo fortalecer a rela\u00e7\u00e3o entre a Marinha e a comunidade n\u00e1utica, proporcionando um espa\u00e7o para discutir atualiza\u00e7\u00f5es nas Normas da Autoridade Mar\u00edtima e compartilhar boas pr\u00e1ticas de navega\u00e7\u00e3o. O evento foi promovido pelo Comando do 8\u00ba Distrito Naval e pela Sociedade Amigos da Marinha (SOAMAR-SP), com a participa\u00e7\u00e3o da Diretoria de Portos e Costas (DPC).<\/p>\n<p>O Vice-Almirante Marco Antonio Ismael Trov\u00e3o de Oliveira, Comandante do 8\u00ba Distrito Naval, ressaltou a relev\u00e2ncia do encontro para aprimorar processos e fortalecer a cultura da navega\u00e7\u00e3o segura.<\/p>\n<p><em>\u201cO \u00eaxito e os resultados alcan\u00e7ados na primeira edi\u00e7\u00e3o demonstraram a relev\u00e2ncia deste espa\u00e7o de debate, e hoje temos mais uma valiosa oportunidade para aprimorar processos, divulgar nossas atividades e fortalecer a cultura da navega\u00e7\u00e3o segura.\u201d<\/em><\/p>\n<p>Al\u00e9m disso, o f\u00f3rum buscou esclarecer d\u00favidas frequentes sobre a legisla\u00e7\u00e3o vigente e a conduta respons\u00e1vel na opera\u00e7\u00e3o de embarca\u00e7\u00f5es de esporte, recreio e motos aqu\u00e1ticas, temas que t\u00eam ganhado destaque diante do aumento do tr\u00e1fego mar\u00edtimo e fluvial no\u00a0Brasil.<\/p>\n<h3><strong>Debates e palestras: principais temas abordados no evento<\/strong><\/h3>\n<p>O evento contou com seis palestras ministradas por especialistas da Marinha e de outras institui\u00e7\u00f5es ligadas \u00e0 seguran\u00e7a n\u00e1utica. Durante as apresenta\u00e7\u00f5es, os participantes puderam registrar suas d\u00favidas e sugerir melhorias nas normas existentes.<\/p>\n<p>Entre os temas abordados, destacaram-se:<\/p>\n<p>\u2705\u00a0<strong>Regulamenta\u00e7\u00e3o e boas pr\u00e1ticas para o uso de embarca\u00e7\u00f5es de esporte e recreio<\/strong>\u00a0\u2013 Atualiza\u00e7\u00f5es nas Normas da Autoridade Mar\u00edtima e medidas para aumentar a seguran\u00e7a na navega\u00e7\u00e3o.<br \/>\n\u2705\u00a0<strong>Seguran\u00e7a na opera\u00e7\u00e3o de motos aqu\u00e1ticas<\/strong>\u00a0\u2013 Diretrizes para condutores e orienta\u00e7\u00f5es sobre a import\u00e2ncia do uso correto dos equipamentos de prote\u00e7\u00e3o.<br \/>\n\u2705\u00a0<strong>O impacto da meteorologia na navega\u00e7\u00e3o segura<\/strong>\u00a0\u2013 Palestra ministrada pelo meteorologista Giovanni Dalif Neto, que destacou a influ\u00eancia das condi\u00e7\u00f5es clim\u00e1ticas no planejamento de navega\u00e7\u00f5es e na preven\u00e7\u00e3o de acidentes.<\/p>\n<p>Dalif Neto ressaltou a relev\u00e2ncia do evento para profissionais da \u00e1rea:<\/p>\n<p><em>\u201cEstou aqui para me aprofundar nos conhecimentos das normas da Autoridade Mar\u00edtima e entender as dificuldades da comunidade, para contribuir ainda mais com a seguran\u00e7a da navega\u00e7\u00e3o.\u201d<\/em><\/p>\n<p>Ao final de cada palestra, os participantes puderam debater os temas apresentados e compartilhar suas experi\u00eancias, enriquecendo o conhecimento coletivo sobre a navega\u00e7\u00e3o segura.<\/p>\n<h3><strong>A parceria entre Marinha e comunidade n\u00e1utica para aprimorar a seguran\u00e7a<\/strong><\/h3>\n<p>A integra\u00e7\u00e3o entre a Marinha e a sociedade civil foi um dos pontos centrais do evento. O Presidente da SOAMAR-SP, Mario Wallace Simonsen Neto, destacou a import\u00e2ncia do f\u00f3rum para aproximar a popula\u00e7\u00e3o da Autoridade Mar\u00edtima.<\/p>\n<p><em>\u201cO p\u00fablico v\u00ea a Marinha como algo muito distante. O F\u00f3rum traz a Marinha para o n\u00edvel da popula\u00e7\u00e3o. Essa integra\u00e7\u00e3o \u00e9 muito importante.\u201d<\/em><\/p>\n<p>O evento tamb\u00e9m possibilitou a coleta de sugest\u00f5es para melhorias nas normas vigentes, refor\u00e7ando o compromisso da Marinha com a seguran\u00e7a e a responsabilidade na navega\u00e7\u00e3o. A intera\u00e7\u00e3o entre os participantes e os especialistas demonstrou o esfor\u00e7o cont\u00ednuo das institui\u00e7\u00f5es envolvidas para garantir que as regulamenta\u00e7\u00f5es sejam compreendidas e aplicadas de forma eficaz.<\/p>\n<p>A segunda edi\u00e7\u00e3o do F\u00f3rum de Seguran\u00e7a do Navegador Amador consolidou-se como um espa\u00e7o essencial para o debate e aprimoramento da cultura de navega\u00e7\u00e3o segura no Brasil. O sucesso do evento reafirma a import\u00e2ncia da troca de experi\u00eancias entre a Marinha e a comunidade n\u00e1utica, garantindo que as normas mar\u00edtimas sejam cada vez mais eficazes na preven\u00e7\u00e3o de incidentes e na prote\u00e7\u00e3o da vida humana no mar.<\/p>\n<p>Fonte: Defesa em Foco<\/p>\n","protected":false},"excerpt":{"rendered":"<p>A navega\u00e7\u00e3o segura depende do conhecimento e do cumprimento das normas mar\u00edtimas. Para refor\u00e7ar essa conscientiza\u00e7\u00e3o e ampliar o di\u00e1logo com a sociedade civil, a&#8230;<\/p>\n","protected":false},"author":1527,"featured_media":57506,"comment_status":"closed","ping_status":"closed","sticky":false,"template":"","format":"standard","meta":{"footnotes":""},"categories":[6],"tags":[],"class_list":["post-57504","post","type-post","status-publish","format-standard","has-post-thumbnail","hentry","category-noticias"],"_links":{"self":[{"href":"https:\/\/www.sincomam.org.br\/index.php\/wp-json\/wp\/v2\/posts\/57504","targetHints":{"allow":["GET"]}}],"collection":[{"href":"https:\/\/www.sincomam.org.br\/index.php\/wp-json\/wp\/v2\/posts"}],"about":[{"href":"https:\/\/www.sincomam.org.br\/index.php\/wp-json\/wp\/v2\/types\/post"}],"author":[{"embeddable":true,"href":"https:\/\/www.sincomam.org.br\/index.php\/wp-json\/wp\/v2\/users\/1527"}],"replies":[{"embeddable":true,"href":"https:\/\/www.sincomam.org.br\/index.php\/wp-json\/wp\/v2\/comments?post=57504"}],"version-history":[{"count":1,"href":"https:\/\/www.sincomam.org.br\/index.php\/wp-json\/wp\/v2\/posts\/57504\/revisions"}],"predecessor-version":[{"id":57507,"href":"https:\/\/www.sincomam.org.br\/index.php\/wp-json\/wp\/v2\/posts\/57504\/revisions\/57507"}],"wp:featuredmedia":[{"embeddable":true,"href":"https:\/\/www.sincomam.org.br\/index.php\/wp-json\/wp\/v2\/media\/57506"}],"wp:attachment":[{"href":"https:\/\/www.sincomam.org.br\/index.php\/wp-json\/wp\/v2\/media?parent=57504"}],"wp:term":[{"taxonomy":"category","embeddable":true,"href":"https:\/\/www.sincomam.org.br\/index.php\/wp-json\/wp\/v2\/categories?post=57504"},{"taxonomy":"post_tag","embeddable":true,"href":"https:\/\/www.sincomam.org.br\/index.php\/wp-json\/wp\/v2\/tags?post=57504"}],"curies":[{"name":"wp","href":"https:\/\/api.w.org\/{rel}","templated":true}]}}