{"id":5750,"date":"2014-05-29T08:30:57","date_gmt":"2014-05-29T11:30:57","guid":{"rendered":"http:\/\/www.sincomam.org.br\/?p=5750"},"modified":"2014-05-28T21:03:35","modified_gmt":"2014-05-29T00:03:35","slug":"mpf-quer-suspender-licenca-para-porto-de-sao-sebastiao","status":"publish","type":"post","link":"https:\/\/www.sincomam.org.br\/index.php\/mpf-quer-suspender-licenca-para-porto-de-sao-sebastiao\/","title":{"rendered":"MPF quer suspender licen\u00e7a para porto de S\u00e3o Sebasti\u00e3o"},"content":{"rendered":"<p><strong><em>Minist\u00e9rio P\u00fablico abriu a\u00e7\u00e3o contra a licen\u00e7a ambiental emitida para obras de amplia\u00e7\u00e3o do Porto de S\u00e3o Sebasti\u00e3o<\/em><\/strong><\/p>\n<p>O Minist\u00e9rio P\u00fablico Federal (MPF), juntamente com o Minist\u00e9rio P\u00fablico do Estado de S\u00e3o Paulo (MPSP), abriram a\u00e7\u00e3o contra a licen\u00e7a ambiental emitida para obras de amplia\u00e7\u00e3o do Porto de S\u00e3o Sebasti\u00e3o (SP), informou o MPF em comunicado.<\/p>\n<p>A a\u00e7\u00e3o \u00e9 contra o Instituto Brasileiro do Meio Ambiente e Recursos Naturais Renov\u00e1veis (Ibama) e a Companhia Docas de S\u00e3o Sebasti\u00e3o (CDSS) e pede a suspens\u00e3o do processo de licenciamento ambiental do porto at\u00e9 que se tenha uma conclus\u00e3o segura sobre a viabilidade do empreendimento na regi\u00e3o.<\/p>\n<p>&#8220;Ao final do processo, o que se pretende \u00e9 que seja anulada em car\u00e1ter definitivo a licen\u00e7a pr\u00e9via e para que o Ibama n\u00e3o emita nova licen\u00e7a sem que os estudos sejam complementados&#8221;, informou o MPF.<\/p>\n<p>Em dezembro, o Ibama emitiu a licen\u00e7a pr\u00e9via para as fases 1 e 2 do projeto de amplia\u00e7\u00e3o do porto de S\u00e3o Sebasti\u00e3o, que considera a constru\u00e7\u00e3o dos ber\u00e7os 2, 3 e 4 para que o porto possa receber navios de tamanhos maiores.<\/p>\n<p>De acordo com a a\u00e7\u00e3o movida pelo MPF e MPSP, caso o processo de licenciamento ambiental n\u00e3o seja suspenso, haver\u00e1 &#8220;graves danos ao meio ambiente&#8221;, j\u00e1 que o passo seguinte \u00e9 a expedi\u00e7\u00e3o da licen\u00e7a de instala\u00e7\u00e3o, o que permitir\u00e1 efetivamente o in\u00edcio das obras.<\/p>\n<p>O porto de S\u00e3o Sebasti\u00e3o \u00e9 administrado pela Companhia Docas de S\u00e3o Sebasti\u00e3o, subordinada \u00e0 Secretaria dos Transportes do Governo do Estado de S\u00e3o Paulo, e faz parte do segundo bloco de quatro lotes de arrendamento portu\u00e1rio que o governo federal pretende licitar.<\/p>\n<p>Fonte: Reuters<\/p>\n","protected":false},"excerpt":{"rendered":"<p>Minist\u00e9rio P\u00fablico abriu a\u00e7\u00e3o contra a licen\u00e7a ambiental emitida para obras de amplia\u00e7\u00e3o do Porto de S\u00e3o Sebasti\u00e3o O Minist\u00e9rio P\u00fablico Federal (MPF), juntamente com&#8230;<\/p>\n","protected":false},"author":1182,"featured_media":5751,"comment_status":"closed","ping_status":"closed","sticky":false,"template":"","format":"standard","meta":{"footnotes":""},"categories":[6],"tags":[],"class_list":["post-5750","post","type-post","status-publish","format-standard","has-post-thumbnail","hentry","category-noticias"],"_links":{"self":[{"href":"https:\/\/www.sincomam.org.br\/index.php\/wp-json\/wp\/v2\/posts\/5750","targetHints":{"allow":["GET"]}}],"collection":[{"href":"https:\/\/www.sincomam.org.br\/index.php\/wp-json\/wp\/v2\/posts"}],"about":[{"href":"https:\/\/www.sincomam.org.br\/index.php\/wp-json\/wp\/v2\/types\/post"}],"author":[{"embeddable":true,"href":"https:\/\/www.sincomam.org.br\/index.php\/wp-json\/wp\/v2\/users\/1182"}],"replies":[{"embeddable":true,"href":"https:\/\/www.sincomam.org.br\/index.php\/wp-json\/wp\/v2\/comments?post=5750"}],"version-history":[{"count":1,"href":"https:\/\/www.sincomam.org.br\/index.php\/wp-json\/wp\/v2\/posts\/5750\/revisions"}],"predecessor-version":[{"id":5752,"href":"https:\/\/www.sincomam.org.br\/index.php\/wp-json\/wp\/v2\/posts\/5750\/revisions\/5752"}],"wp:featuredmedia":[{"embeddable":true,"href":"https:\/\/www.sincomam.org.br\/index.php\/wp-json\/wp\/v2\/media\/5751"}],"wp:attachment":[{"href":"https:\/\/www.sincomam.org.br\/index.php\/wp-json\/wp\/v2\/media?parent=5750"}],"wp:term":[{"taxonomy":"category","embeddable":true,"href":"https:\/\/www.sincomam.org.br\/index.php\/wp-json\/wp\/v2\/categories?post=5750"},{"taxonomy":"post_tag","embeddable":true,"href":"https:\/\/www.sincomam.org.br\/index.php\/wp-json\/wp\/v2\/tags?post=5750"}],"curies":[{"name":"wp","href":"https:\/\/api.w.org\/{rel}","templated":true}]}}