{"id":57492,"date":"2025-02-26T12:31:16","date_gmt":"2025-02-26T15:31:16","guid":{"rendered":"https:\/\/www.sincomam.org.br\/?p=57492"},"modified":"2025-02-26T12:31:16","modified_gmt":"2025-02-26T15:31:16","slug":"agencia-visita-o-para-para-avaliacao-do-andamento-das-recomendacoes-feitas-pela-fiscalizacao","status":"publish","type":"post","link":"https:\/\/www.sincomam.org.br\/index.php\/agencia-visita-o-para-para-avaliacao-do-andamento-das-recomendacoes-feitas-pela-fiscalizacao\/","title":{"rendered":"Ag\u00eancia visita o Par\u00e1 para avalia\u00e7\u00e3o do andamento das recomenda\u00e7\u00f5es feitas pela fiscaliza\u00e7\u00e3o"},"content":{"rendered":"<p dir=\"ltr\">A Ag\u00eancia Nacional de Transportes Aquavi\u00e1rios (ANTAQ) realizou visita t\u00e9cnica ao estado do Par\u00e1 para avalia\u00e7\u00e3o do andamento das iniciativas recomendadas \u00e0s instala\u00e7\u00f5es portu\u00e1rias da regi\u00e3o ap\u00f3s fiscaliza\u00e7\u00e3o tem\u00e1tica realizada pela autarquia.<\/p>\n<p dir=\"ltr\">A diretora Fl\u00e1via Takafashi esteve, na segunda-feira (20) e na ter\u00e7a-feira (21), no Porto de Vila do Conde e nos terminais Tecon Convicon, Petroqu\u00edmico de Miramar e Vibra Energia em Miramar.<\/p>\n<p dir=\"ltr\">Durante a vistoria no Porto de Vila do Conde foram verificadas as condi\u00e7\u00f5es e quais ser\u00e3o os pr\u00f3ximos investimentos de melhoria no cais de atraca\u00e7\u00e3o, na pavimenta\u00e7\u00e3o do local, nas \u00e1reas de acesso, nas cabe\u00e7as de amarra\u00e7\u00e3o e outros.<\/p>\n<p dir=\"ltr\">Nas demais \u00e1reas, al\u00e9m de conhecer as instala\u00e7\u00f5es e observar a opera\u00e7\u00e3o de movimenta\u00e7\u00e3o de cargas, tamb\u00e9m foram discutidos poss\u00edveis novos investimentos de expans\u00e3o de terminais, melhorias de infraestrutura e compra de novas tecnologias.<\/p>\n<p dir=\"ltr\">A fiscaliza\u00e7\u00e3o tem\u00e1tica \u00e0 Companhia Docas do Par\u00e1, em 2024, compreendeu temas como aspectos financeiros da autoridade portu\u00e1ria, o mapeamento dos investimentos necess\u00e1rios, as condi\u00e7\u00f5es de manuten\u00e7\u00e3o, entre outros. Esse tipo de fiscaliza\u00e7\u00e3o garante a seguran\u00e7a dos trabalhadores, da carga e do porto, sendo uma importante ferramenta de melhoria.<\/p>\n<p dir=\"ltr\">A comitiva contou tamb\u00e9m com a participa\u00e7\u00e3o da gerente de Coordena\u00e7\u00e3o das Unidades Regionais, Fl\u00e1via Ara\u00fajo; do chefe da Ger\u00eancia Regional de Bel\u00e9m, Cleydson Silva; e do Especialista em Regula\u00e7\u00e3o de Servi\u00e7os de Transportes Aquavi\u00e1rios Vinicius Campello.<\/p>\n<p dir=\"ltr\">Fonte: Antaq<\/p>\n","protected":false},"excerpt":{"rendered":"<p>A Ag\u00eancia Nacional de Transportes Aquavi\u00e1rios (ANTAQ) realizou visita t\u00e9cnica ao estado do Par\u00e1 para avalia\u00e7\u00e3o do andamento das iniciativas recomendadas \u00e0s instala\u00e7\u00f5es portu\u00e1rias da&#8230;<\/p>\n","protected":false},"author":1527,"featured_media":57494,"comment_status":"closed","ping_status":"closed","sticky":false,"template":"","format":"standard","meta":{"footnotes":""},"categories":[6],"tags":[],"class_list":["post-57492","post","type-post","status-publish","format-standard","has-post-thumbnail","hentry","category-noticias"],"_links":{"self":[{"href":"https:\/\/www.sincomam.org.br\/index.php\/wp-json\/wp\/v2\/posts\/57492","targetHints":{"allow":["GET"]}}],"collection":[{"href":"https:\/\/www.sincomam.org.br\/index.php\/wp-json\/wp\/v2\/posts"}],"about":[{"href":"https:\/\/www.sincomam.org.br\/index.php\/wp-json\/wp\/v2\/types\/post"}],"author":[{"embeddable":true,"href":"https:\/\/www.sincomam.org.br\/index.php\/wp-json\/wp\/v2\/users\/1527"}],"replies":[{"embeddable":true,"href":"https:\/\/www.sincomam.org.br\/index.php\/wp-json\/wp\/v2\/comments?post=57492"}],"version-history":[{"count":1,"href":"https:\/\/www.sincomam.org.br\/index.php\/wp-json\/wp\/v2\/posts\/57492\/revisions"}],"predecessor-version":[{"id":57495,"href":"https:\/\/www.sincomam.org.br\/index.php\/wp-json\/wp\/v2\/posts\/57492\/revisions\/57495"}],"wp:featuredmedia":[{"embeddable":true,"href":"https:\/\/www.sincomam.org.br\/index.php\/wp-json\/wp\/v2\/media\/57494"}],"wp:attachment":[{"href":"https:\/\/www.sincomam.org.br\/index.php\/wp-json\/wp\/v2\/media?parent=57492"}],"wp:term":[{"taxonomy":"category","embeddable":true,"href":"https:\/\/www.sincomam.org.br\/index.php\/wp-json\/wp\/v2\/categories?post=57492"},{"taxonomy":"post_tag","embeddable":true,"href":"https:\/\/www.sincomam.org.br\/index.php\/wp-json\/wp\/v2\/tags?post=57492"}],"curies":[{"name":"wp","href":"https:\/\/api.w.org\/{rel}","templated":true}]}}