{"id":57485,"date":"2025-02-26T11:38:14","date_gmt":"2025-02-26T14:38:14","guid":{"rendered":"https:\/\/www.sincomam.org.br\/?p=57485"},"modified":"2025-02-26T11:38:14","modified_gmt":"2025-02-26T14:38:14","slug":"governo-vai-liberar-saldo-do-fgts-a-quem-optou-por-saque-aniversario","status":"publish","type":"post","link":"https:\/\/www.sincomam.org.br\/index.php\/governo-vai-liberar-saldo-do-fgts-a-quem-optou-por-saque-aniversario\/","title":{"rendered":"Governo vai liberar saldo do FGTS a quem optou por saque-anivers\u00e1rio"},"content":{"rendered":"<p>Os trabalhadores que\u00a0aderiram ao saque-anivers\u00e1rio do Fundo de Garantia do Tempo de Servi\u00e7o (FGTS) e foram demitidos sem justa causa poder\u00e3o sacar os recursos depositados pela empresa antes da dispensa. Na sexta-feira (28), o governo federal publicar\u00e1 medida provis\u00f3ria liberando os recursos, confirmou o Minist\u00e9rio do Trabalho e Emprego.<img decoding=\"async\" src=\"https:\/\/agenciabrasil.ebc.com.br\/ebc.png?id=1631870&amp;o=node\" \/><img decoding=\"async\" src=\"https:\/\/agenciabrasil.ebc.com.br\/ebc.gif?id=1631870&amp;o=node\" \/><\/p>\n<p>A medida\u00a0beneficiar\u00e1 12,1 milh\u00f5es de trabalhadores dispensados desde janeiro de 2020 at\u00e9 a data da publica\u00e7\u00e3o da MP e injetar\u00e1 R$ 12 bilh\u00f5es na economia. Segundo o Minist\u00e9rio do Trabalho, os\u00a0valores ser\u00e3o creditados na conta cadastrada no FGTS em duas etapas.<\/p>\n<p>Na primeira etapa, ser\u00e1 depositado\u00a0valor at\u00e9 o limite de R$ 3 mil\u00a0da parcela depositada pelo empregador anterior. Se o valor for superior, o saldo\u00a0restante ser\u00e1 liberado numa segunda etapa, 110 dias ap\u00f3s a publica\u00e7\u00e3o da MP.<\/p>\n<p>A libera\u00e7\u00e3o ocorrer\u00e1\u00a0apenas nessas duas fases.<\/p>\n<p>Depois desse prazo, os trabalhadores que optarem pelo saque-anivers\u00e1rio e forem demitidos n\u00e3o poder\u00e3o acessar o saldo, que permanecer\u00e1 retido.<\/p>\n<p>Nesta ter\u00e7a-feira (25), o presidente Luiz In\u00e1cio Lula da Silva se reuniria com o ministro do Trabalho, Luiz Marinho, e as centrais sindicais para comunicar a medida. No entanto, o encontro foi adiado por problemas de agenda, informou o\u00a0Pal\u00e1cio do Planalto. Durante a tarde, Lula se reuniu com N\u00edsia Trindade,\u00a0quando comunicou-a da sa\u00edda do cargo de ministra da Sa\u00fade.<\/p>\n<h2>Saque-anivers\u00e1rio<\/h2>\n<p>Criada em 2019 e em vigor desde 2020, a modalidade do saque-anivers\u00e1rio\u00a0permite a retirada de parte do saldo de qualquer conta ativa ou inativa do fundo a cada ano, no m\u00eas de anivers\u00e1rio.<\/p>\n<p>Em troca, o trabalhador n\u00e3o poder\u00e1 sacar o valor depositado pela empresa em caso de demiss\u00e3o sem justa causa, apenas a multa rescis\u00f3ria.<\/p>\n<p>O per\u00edodo de saques come\u00e7a no primeiro dia \u00fatil do m\u00eas de anivers\u00e1rio do trabalhador. Os valores ficam dispon\u00edveis at\u00e9 o \u00faltimo dia \u00fatil do segundo m\u00eas subsequente.<\/p>\n<p>Caso o dinheiro n\u00e3o seja retirado no prazo, volta para as contas do FGTS em nome do trabalhador.<\/p>\n<p>Fonte: Ag\u00eancia Brasil<\/p>\n","protected":false},"excerpt":{"rendered":"<p>Os trabalhadores que\u00a0aderiram ao saque-anivers\u00e1rio do Fundo de Garantia do Tempo de Servi\u00e7o (FGTS) e foram demitidos sem justa causa poder\u00e3o sacar os recursos depositados&#8230;<\/p>\n","protected":false},"author":1527,"featured_media":57487,"comment_status":"closed","ping_status":"closed","sticky":false,"template":"","format":"standard","meta":{"footnotes":""},"categories":[6],"tags":[],"class_list":["post-57485","post","type-post","status-publish","format-standard","has-post-thumbnail","hentry","category-noticias"],"_links":{"self":[{"href":"https:\/\/www.sincomam.org.br\/index.php\/wp-json\/wp\/v2\/posts\/57485","targetHints":{"allow":["GET"]}}],"collection":[{"href":"https:\/\/www.sincomam.org.br\/index.php\/wp-json\/wp\/v2\/posts"}],"about":[{"href":"https:\/\/www.sincomam.org.br\/index.php\/wp-json\/wp\/v2\/types\/post"}],"author":[{"embeddable":true,"href":"https:\/\/www.sincomam.org.br\/index.php\/wp-json\/wp\/v2\/users\/1527"}],"replies":[{"embeddable":true,"href":"https:\/\/www.sincomam.org.br\/index.php\/wp-json\/wp\/v2\/comments?post=57485"}],"version-history":[{"count":1,"href":"https:\/\/www.sincomam.org.br\/index.php\/wp-json\/wp\/v2\/posts\/57485\/revisions"}],"predecessor-version":[{"id":57488,"href":"https:\/\/www.sincomam.org.br\/index.php\/wp-json\/wp\/v2\/posts\/57485\/revisions\/57488"}],"wp:featuredmedia":[{"embeddable":true,"href":"https:\/\/www.sincomam.org.br\/index.php\/wp-json\/wp\/v2\/media\/57487"}],"wp:attachment":[{"href":"https:\/\/www.sincomam.org.br\/index.php\/wp-json\/wp\/v2\/media?parent=57485"}],"wp:term":[{"taxonomy":"category","embeddable":true,"href":"https:\/\/www.sincomam.org.br\/index.php\/wp-json\/wp\/v2\/categories?post=57485"},{"taxonomy":"post_tag","embeddable":true,"href":"https:\/\/www.sincomam.org.br\/index.php\/wp-json\/wp\/v2\/tags?post=57485"}],"curies":[{"name":"wp","href":"https:\/\/api.w.org\/{rel}","templated":true}]}}