{"id":57469,"date":"2025-02-26T11:07:41","date_gmt":"2025-02-26T14:07:41","guid":{"rendered":"https:\/\/www.sincomam.org.br\/?p=57469"},"modified":"2025-02-26T11:07:41","modified_gmt":"2025-02-26T14:07:41","slug":"portosrio-registra-recorde-na-movimentacao-de-cargas-em-2024","status":"publish","type":"post","link":"https:\/\/www.sincomam.org.br\/index.php\/portosrio-registra-recorde-na-movimentacao-de-cargas-em-2024\/","title":{"rendered":"PortosRio registra recorde na movimenta\u00e7\u00e3o de cargas em 2024"},"content":{"rendered":"<p>A PortosRio, autoridade portu\u00e1ria que administra os Portos do Rio de Janeiro, Itagua\u00ed, Niter\u00f3i, Angra dos Reis e Forno, alcan\u00e7ou um recorde ao movimentar um total de 76,2 milh\u00f5es de toneladas em 2024 \u2013 um crescimento de 13,9% em rela\u00e7\u00e3o a 2023. Este resultado, o maior desde o in\u00edcio da s\u00e9rie hist\u00f3rica em 2010, conforme dados do Estat\u00edstico Aquavi\u00e1rio da Ag\u00eancia Nacional de Transportes Aquavi\u00e1rios (Antaq), representa a evolu\u00e7\u00e3o mais robusta registrada no per\u00edodo p\u00f3s-pandemia.<br \/>\nDestaques do Porto de Itagua\u00ed<\/p>\n<p>Consolidado como o segundo maior porto p\u00fablico do pa\u00eds em movimenta\u00e7\u00e3o, Itagua\u00ed registrou 60,7 milh\u00f5es de toneladas em 2024, um aumento de 8,8% em compara\u00e7\u00e3o com 2023.<\/p>\n<p>O volume de min\u00e9rio de ferro atingiu 54,1 milh\u00f5es de toneladas, alcan\u00e7ando o maior patamar dos \u00faltimos 10 anos, com crescimento de 6,8% em rela\u00e7\u00e3o ao ano anterior.<\/p>\n<p>O porto foi respons\u00e1vel pela exporta\u00e7\u00e3o de 13,6% do volume nacional de min\u00e9rio de ferro transacionado por via mar\u00edtima, concentrando praticamente toda a exporta\u00e7\u00e3o dessa commodity nos portos p\u00fablicos organizados.<\/p>\n<p>Destaques do Porto do Rio de Janeiro<\/p>\n<p>Com uma movimenta\u00e7\u00e3o de 15,4 milh\u00f5es de toneladas em 2024, o Porto do Rio de Janeiro apresentou um expressivo crescimento de 39,7% em rela\u00e7\u00e3o a 2023. A carga conteinerizada foi o grande destaque, totalizando 11,8 milh\u00f5es de toneladas \u2013 um aumento impressionante de 60,1% no mesmo per\u00edodo. A movimenta\u00e7\u00e3o de cont\u00eaineres, em TEU, atingiu a hist\u00f3rica marca de 1,2 milh\u00e3o de TEU, representando um crescimento de 70% em rela\u00e7\u00e3o a 2023.<\/p>\n<p>Fonte: Portos e Navios<\/p>\n","protected":false},"excerpt":{"rendered":"<p>A PortosRio, autoridade portu\u00e1ria que administra os Portos do Rio de Janeiro, Itagua\u00ed, Niter\u00f3i, Angra dos Reis e Forno, alcan\u00e7ou um recorde ao movimentar um&#8230;<\/p>\n","protected":false},"author":1527,"featured_media":57471,"comment_status":"closed","ping_status":"closed","sticky":false,"template":"","format":"standard","meta":{"footnotes":""},"categories":[6],"tags":[],"class_list":["post-57469","post","type-post","status-publish","format-standard","has-post-thumbnail","hentry","category-noticias"],"_links":{"self":[{"href":"https:\/\/www.sincomam.org.br\/index.php\/wp-json\/wp\/v2\/posts\/57469","targetHints":{"allow":["GET"]}}],"collection":[{"href":"https:\/\/www.sincomam.org.br\/index.php\/wp-json\/wp\/v2\/posts"}],"about":[{"href":"https:\/\/www.sincomam.org.br\/index.php\/wp-json\/wp\/v2\/types\/post"}],"author":[{"embeddable":true,"href":"https:\/\/www.sincomam.org.br\/index.php\/wp-json\/wp\/v2\/users\/1527"}],"replies":[{"embeddable":true,"href":"https:\/\/www.sincomam.org.br\/index.php\/wp-json\/wp\/v2\/comments?post=57469"}],"version-history":[{"count":1,"href":"https:\/\/www.sincomam.org.br\/index.php\/wp-json\/wp\/v2\/posts\/57469\/revisions"}],"predecessor-version":[{"id":57472,"href":"https:\/\/www.sincomam.org.br\/index.php\/wp-json\/wp\/v2\/posts\/57469\/revisions\/57472"}],"wp:featuredmedia":[{"embeddable":true,"href":"https:\/\/www.sincomam.org.br\/index.php\/wp-json\/wp\/v2\/media\/57471"}],"wp:attachment":[{"href":"https:\/\/www.sincomam.org.br\/index.php\/wp-json\/wp\/v2\/media?parent=57469"}],"wp:term":[{"taxonomy":"category","embeddable":true,"href":"https:\/\/www.sincomam.org.br\/index.php\/wp-json\/wp\/v2\/categories?post=57469"},{"taxonomy":"post_tag","embeddable":true,"href":"https:\/\/www.sincomam.org.br\/index.php\/wp-json\/wp\/v2\/tags?post=57469"}],"curies":[{"name":"wp","href":"https:\/\/api.w.org\/{rel}","templated":true}]}}