{"id":57413,"date":"2025-02-24T11:08:21","date_gmt":"2025-02-24T14:08:21","guid":{"rendered":"https:\/\/www.sincomam.org.br\/?p=57413"},"modified":"2025-02-24T11:08:21","modified_gmt":"2025-02-24T14:08:21","slug":"mpor-lanca-caravanas-da-inovacao-portuaria-em-recife","status":"publish","type":"post","link":"https:\/\/www.sincomam.org.br\/index.php\/mpor-lanca-caravanas-da-inovacao-portuaria-em-recife\/","title":{"rendered":"MPor lan\u00e7a Caravanas da Inova\u00e7\u00e3o Portu\u00e1ria em Recife"},"content":{"rendered":"<p>O Minist\u00e9rio de Portos e Aeroportos (MPor) deu in\u00edcio, nesta sexta-feira (21), \u00e0 primeira edi\u00e7\u00e3o das &#8220;Caravanas da Inova\u00e7\u00e3o Portu\u00e1ria&#8221; em Recife. A iniciativa busca impulsionar a inova\u00e7\u00e3o nos portos p\u00fablicos brasileiros por meio de capacita\u00e7\u00e3o, networking e troca de experi\u00eancias entre gestores, empresas, especialistas e \u00f3rg\u00e3os p\u00fablicos. Realizado em parceria com a Antaq, o Hub Brasil Export e as Autoridades Portu\u00e1rias, o evento tem como objetivo fortalecer a cultura da inova\u00e7\u00e3o no setor e incentivar pr\u00e1ticas modernas e eficientes. Na abertura, o diretor de Pol\u00edtica Setorial do MPor, Tetsu Koike, destacou a necessidade de um processo cont\u00ednuo de inova\u00e7\u00e3o no setor portu\u00e1rio.<\/p>\n<p>A coordenadora de Inova\u00e7\u00e3o da Antaq, Renata Machado, apresentou o Guia de Enfrentamento ao Ass\u00e9dio, desenvolvido com o MPor, ressaltando seu papel na promo\u00e7\u00e3o de um ambiente de trabalho mais inclusivo. O Porto Digital tamb\u00e9m participou, compartilhando experi\u00eancias sobre tecnologia aplicada \u00e0 gest\u00e3o portu\u00e1ria.<\/p>\n<p>Murilo Machado Chaiben, do Minist\u00e9rio do Empreendedorismo, e Os\u00f3rio Coelho, do Minist\u00e9rio da Ci\u00eancia, Tecnologia e Inova\u00e7\u00e3o, discutiram a import\u00e2ncia da descentraliza\u00e7\u00e3o de equipes e o uso da Lei do Bem para incentivar investimentos em inova\u00e7\u00e3o. J\u00e1 Karina Martins, do Hub Brasil Export, apresentou o pacto Soul Export, iniciativa voltada ao desenvolvimento sustent\u00e1vel e inova\u00e7\u00e3o no setor portu\u00e1rio.Outro destaque foi o sistema Porto Sem Papel (PSP), apresentado por Carlos Tiego Arruda, do MPor. O PSP, que j\u00e1 opera em 100% dos portos p\u00fablicos do pa\u00eds, simplifica os procedimentos de estadia dos navios ao integrar informa\u00e7\u00f5es em um \u00fanico banco de dados.<\/p>\n<p>Fonte: Portos e Navios<\/p>\n","protected":false},"excerpt":{"rendered":"<p>O Minist\u00e9rio de Portos e Aeroportos (MPor) deu in\u00edcio, nesta sexta-feira (21), \u00e0 primeira edi\u00e7\u00e3o das &#8220;Caravanas da Inova\u00e7\u00e3o Portu\u00e1ria&#8221; em Recife. A iniciativa busca&#8230;<\/p>\n","protected":false},"author":1527,"featured_media":57416,"comment_status":"closed","ping_status":"closed","sticky":false,"template":"","format":"standard","meta":{"footnotes":""},"categories":[6],"tags":[],"class_list":["post-57413","post","type-post","status-publish","format-standard","has-post-thumbnail","hentry","category-noticias"],"_links":{"self":[{"href":"https:\/\/www.sincomam.org.br\/index.php\/wp-json\/wp\/v2\/posts\/57413","targetHints":{"allow":["GET"]}}],"collection":[{"href":"https:\/\/www.sincomam.org.br\/index.php\/wp-json\/wp\/v2\/posts"}],"about":[{"href":"https:\/\/www.sincomam.org.br\/index.php\/wp-json\/wp\/v2\/types\/post"}],"author":[{"embeddable":true,"href":"https:\/\/www.sincomam.org.br\/index.php\/wp-json\/wp\/v2\/users\/1527"}],"replies":[{"embeddable":true,"href":"https:\/\/www.sincomam.org.br\/index.php\/wp-json\/wp\/v2\/comments?post=57413"}],"version-history":[{"count":1,"href":"https:\/\/www.sincomam.org.br\/index.php\/wp-json\/wp\/v2\/posts\/57413\/revisions"}],"predecessor-version":[{"id":57417,"href":"https:\/\/www.sincomam.org.br\/index.php\/wp-json\/wp\/v2\/posts\/57413\/revisions\/57417"}],"wp:featuredmedia":[{"embeddable":true,"href":"https:\/\/www.sincomam.org.br\/index.php\/wp-json\/wp\/v2\/media\/57416"}],"wp:attachment":[{"href":"https:\/\/www.sincomam.org.br\/index.php\/wp-json\/wp\/v2\/media?parent=57413"}],"wp:term":[{"taxonomy":"category","embeddable":true,"href":"https:\/\/www.sincomam.org.br\/index.php\/wp-json\/wp\/v2\/categories?post=57413"},{"taxonomy":"post_tag","embeddable":true,"href":"https:\/\/www.sincomam.org.br\/index.php\/wp-json\/wp\/v2\/tags?post=57413"}],"curies":[{"name":"wp","href":"https:\/\/api.w.org\/{rel}","templated":true}]}}