{"id":57387,"date":"2025-02-21T11:14:48","date_gmt":"2025-02-21T14:14:48","guid":{"rendered":"https:\/\/www.sincomam.org.br\/?p=57387"},"modified":"2025-02-21T11:14:48","modified_gmt":"2025-02-21T14:14:48","slug":"toffoli-leva-recurso-sobre-revisao-da-vida-toda-a-plenario-fisico","status":"publish","type":"post","link":"https:\/\/www.sincomam.org.br\/index.php\/toffoli-leva-recurso-sobre-revisao-da-vida-toda-a-plenario-fisico\/","title":{"rendered":"Toffoli leva recurso sobre revis\u00e3o da vida toda a plen\u00e1rio f\u00edsico"},"content":{"rendered":"<p>O ministro Dias Toffoli, do Supremo Tribunal Federal (STF), pediu nesta quinta-feira (20) o destaque de dois recursos sobre a revis\u00e3o da vida toda em aposentadorias pagas pelo Instituto Nacional do Seguro Social (INSS). Com isso, o julgamento que estava em andamento no plen\u00e1rio virtual deve ser remetido para discuss\u00e3o no plen\u00e1rio f\u00edsico.\u00a0<img decoding=\"async\" src=\"https:\/\/agenciabrasil.ebc.com.br\/ebc.png?id=1631244&amp;o=node\" \/><img decoding=\"async\" src=\"https:\/\/agenciabrasil.ebc.com.br\/ebc.gif?id=1631244&amp;o=node\" \/><\/p>\n<p>Esta revis\u00e3o \u00e9 um mecanismo que permitia aos aposentados o INSS recalcular o benef\u00edcio com base em todas as contribui\u00e7\u00f5es previdenci\u00e1rias feitas ao longo da vida.<\/p>\n<p>Pelas regras regimentais, com o destaque de Toffoli a vota\u00e7\u00e3o deve ser zerada. Dessa maneira, os quatro ministros que j\u00e1 haviam votado pela rejei\u00e7\u00e3o dos recursos e contr\u00e1rios \u00e0 revis\u00e3o da vida toda &#8211; Nunes Marques, Alexandre de Moraes, Cristiano Zanin e Fl\u00e1vio Dino &#8211; ter\u00e3o que votar novamente, e assim poder\u00e3o mudar o posicionamento.<\/p>\n<p>N\u00e3o h\u00e1 data definida para os julgamentos, que dependem da inclus\u00e3o em pauta pelo presidente do Supremo, ministro Lu\u00eds Roberto Barroso.<\/p>\n<p>Os votos revelados antes do destaque seguiam o entendimento do relator, ministro Nunes Marques, que em sua manifesta\u00e7\u00e3o se posicionou pela manuten\u00e7\u00e3o da decis\u00e3o em que o Supremo\u00a0vedou a possibilidade da revis\u00e3o\u00a0da vida toda.<\/p>\n<p>Marques garantiu em seu voto, contudo, que n\u00e3o haver\u00e1 a necessidade de devolu\u00e7\u00e3o de valores j\u00e1 pagos a aposentados do INSS que obtiveram ganhos na Justi\u00e7a antes de o Supremo proibir a revis\u00e3o nos benef\u00edcios.<\/p>\n<p>Isso porque, numa reviravolta sobre o assunto, em mar\u00e7o do ano passado, o Supremo mudou seu pr\u00f3prio entendimento anterior, que\u00a0autorizava a revis\u00e3o da vida toda. Na ocasi\u00e3o, foi revertida maioria alcan\u00e7ada em 2022, quando a composi\u00e7\u00e3o plen\u00e1ria era diferente da atual.<\/p>\n<p>Com isso, o STF deu ganho \u00e0 Uni\u00e3o e retirou o direito dos aposentados de optarem pelo c\u00e1lculo que proporcionasse o maior benef\u00edcio: com ou sem as contribui\u00e7\u00f5es anteriores a 1994, quando foi implementado o Plano Real. Tais parcelas haviam sido exclu\u00eddas da conta com a reforma da Previd\u00eancia de 1999.<\/p>\n<p>Em \u00faltimo recurso, do tipo embargo de declara\u00e7\u00e3o, a Confedera\u00e7\u00e3o Nacional dos Trabalhadores Metal\u00fargicos (CNTM) argumentou, entre outros pontos, que o Supremo n\u00e3o poderia ter alterado um entendimento que havia sido alcan\u00e7ado sobre o mesmo assunto, pouco tempo antes.<\/p>\n<p>Marques, contudo, afastou o argumento, afirmando que \u201cdescabe emprestar imutabilidade a uma decis\u00e3o, seja monocr\u00e1tica, seja colegiada, que passou a ter sentido oposto a novo entendimento do Pleno\u201d.<\/p>\n<p>O relator votou ainda pela declara\u00e7\u00e3o imediata do tr\u00e2nsito em julgado da a\u00e7\u00e3o, ou seja, que a quest\u00e3o seja encerrada em definitivo no Supremo, sem mais nenhuma possibilidade de recurso. Marques criticou a CNTM por insistir na revers\u00e3o do resultado atual e por ter cogitado o que chamou de \u201ccombate eterno\u201d.<\/p>\n<p>Fonte: Ag\u00eancia Brasil<\/p>\n","protected":false},"excerpt":{"rendered":"<p>O ministro Dias Toffoli, do Supremo Tribunal Federal (STF), pediu nesta quinta-feira (20) o destaque de dois recursos sobre a revis\u00e3o da vida toda em&#8230;<\/p>\n","protected":false},"author":1527,"featured_media":57389,"comment_status":"closed","ping_status":"closed","sticky":false,"template":"","format":"standard","meta":{"footnotes":""},"categories":[6],"tags":[],"class_list":["post-57387","post","type-post","status-publish","format-standard","has-post-thumbnail","hentry","category-noticias"],"_links":{"self":[{"href":"https:\/\/www.sincomam.org.br\/index.php\/wp-json\/wp\/v2\/posts\/57387","targetHints":{"allow":["GET"]}}],"collection":[{"href":"https:\/\/www.sincomam.org.br\/index.php\/wp-json\/wp\/v2\/posts"}],"about":[{"href":"https:\/\/www.sincomam.org.br\/index.php\/wp-json\/wp\/v2\/types\/post"}],"author":[{"embeddable":true,"href":"https:\/\/www.sincomam.org.br\/index.php\/wp-json\/wp\/v2\/users\/1527"}],"replies":[{"embeddable":true,"href":"https:\/\/www.sincomam.org.br\/index.php\/wp-json\/wp\/v2\/comments?post=57387"}],"version-history":[{"count":1,"href":"https:\/\/www.sincomam.org.br\/index.php\/wp-json\/wp\/v2\/posts\/57387\/revisions"}],"predecessor-version":[{"id":57390,"href":"https:\/\/www.sincomam.org.br\/index.php\/wp-json\/wp\/v2\/posts\/57387\/revisions\/57390"}],"wp:featuredmedia":[{"embeddable":true,"href":"https:\/\/www.sincomam.org.br\/index.php\/wp-json\/wp\/v2\/media\/57389"}],"wp:attachment":[{"href":"https:\/\/www.sincomam.org.br\/index.php\/wp-json\/wp\/v2\/media?parent=57387"}],"wp:term":[{"taxonomy":"category","embeddable":true,"href":"https:\/\/www.sincomam.org.br\/index.php\/wp-json\/wp\/v2\/categories?post=57387"},{"taxonomy":"post_tag","embeddable":true,"href":"https:\/\/www.sincomam.org.br\/index.php\/wp-json\/wp\/v2\/tags?post=57387"}],"curies":[{"name":"wp","href":"https:\/\/api.w.org\/{rel}","templated":true}]}}