{"id":57368,"date":"2025-02-20T12:38:59","date_gmt":"2025-02-20T15:38:59","guid":{"rendered":"https:\/\/www.sincomam.org.br\/?p=57368"},"modified":"2025-02-20T12:38:59","modified_gmt":"2025-02-20T15:38:59","slug":"lula-participa-da-cerimonia-de-concessao-do-terminal-itg02-no-porto-de-itaguai-rj-e-anuncio-de-recursos-do-fundo-da-marinha-mercante","status":"publish","type":"post","link":"https:\/\/www.sincomam.org.br\/index.php\/lula-participa-da-cerimonia-de-concessao-do-terminal-itg02-no-porto-de-itaguai-rj-e-anuncio-de-recursos-do-fundo-da-marinha-mercante\/","title":{"rendered":"Lula participa da cerim\u00f4nia de concess\u00e3o do Terminal ITG02 no Porto de Itagua\u00ed (RJ) e an\u00fancio de recursos do Fundo da Marinha Mercante"},"content":{"rendered":"<p>O presidente da Rep\u00fablica, Luiz In\u00e1cio Lula da Silva, participa nesta sexta-feira, 21 de fevereiro, da cerim\u00f4nia de assinatura do contrato de concess\u00e3o do terminal ITG02, em Itagua\u00ed (RJ), considerada um marco para o setor portu\u00e1rio no estado do Rio de Janeiro. Arrematado pela Cedro Participa\u00e7\u00f5es S.A. no leil\u00e3o de dezembro passado, o terminal receber\u00e1 R$ 3,58 bilh\u00f5es em investimentos.<\/p>\n<p>Segundo o Minist\u00e9rio de Portos e Aeroportos, \u00e9 o maior valor j\u00e1 obtido em leil\u00f5es do setor. O ministro Silvio Costa Filho tamb\u00e9m participa do evento.<\/p>\n<p>Com 250 mil m\u00b2 de \u00e1rea, o terminal tem capacidade para movimentar 20 milh\u00f5es de toneladas por ano e dever\u00e1 impulsionar a produ\u00e7\u00e3o portu\u00e1ria em um ter\u00e7o. As opera\u00e7\u00f5es dever\u00e3o se concentrar no min\u00e9rio de ferro.<\/p>\n<p>Na cerim\u00f4nia, haver\u00e1 tamb\u00e9m o an\u00fancio da utiliza\u00e7\u00e3o dos recursos de 2024 e 2025 do Fundo da Marinha Mercante. Foram firmados contratos que totalizam R$ 5,49 bilh\u00f5es.<\/p>\n<p>Fonte: Ag\u00eancia Brasil<\/p>\n","protected":false},"excerpt":{"rendered":"<p>O presidente da Rep\u00fablica, Luiz In\u00e1cio Lula da Silva, participa nesta sexta-feira, 21 de fevereiro, da cerim\u00f4nia de assinatura do contrato de concess\u00e3o do terminal&#8230;<\/p>\n","protected":false},"author":1527,"featured_media":34691,"comment_status":"closed","ping_status":"closed","sticky":false,"template":"","format":"standard","meta":{"footnotes":""},"categories":[6],"tags":[],"class_list":["post-57368","post","type-post","status-publish","format-standard","has-post-thumbnail","hentry","category-noticias"],"_links":{"self":[{"href":"https:\/\/www.sincomam.org.br\/index.php\/wp-json\/wp\/v2\/posts\/57368","targetHints":{"allow":["GET"]}}],"collection":[{"href":"https:\/\/www.sincomam.org.br\/index.php\/wp-json\/wp\/v2\/posts"}],"about":[{"href":"https:\/\/www.sincomam.org.br\/index.php\/wp-json\/wp\/v2\/types\/post"}],"author":[{"embeddable":true,"href":"https:\/\/www.sincomam.org.br\/index.php\/wp-json\/wp\/v2\/users\/1527"}],"replies":[{"embeddable":true,"href":"https:\/\/www.sincomam.org.br\/index.php\/wp-json\/wp\/v2\/comments?post=57368"}],"version-history":[{"count":1,"href":"https:\/\/www.sincomam.org.br\/index.php\/wp-json\/wp\/v2\/posts\/57368\/revisions"}],"predecessor-version":[{"id":57370,"href":"https:\/\/www.sincomam.org.br\/index.php\/wp-json\/wp\/v2\/posts\/57368\/revisions\/57370"}],"wp:featuredmedia":[{"embeddable":true,"href":"https:\/\/www.sincomam.org.br\/index.php\/wp-json\/wp\/v2\/media\/34691"}],"wp:attachment":[{"href":"https:\/\/www.sincomam.org.br\/index.php\/wp-json\/wp\/v2\/media?parent=57368"}],"wp:term":[{"taxonomy":"category","embeddable":true,"href":"https:\/\/www.sincomam.org.br\/index.php\/wp-json\/wp\/v2\/categories?post=57368"},{"taxonomy":"post_tag","embeddable":true,"href":"https:\/\/www.sincomam.org.br\/index.php\/wp-json\/wp\/v2\/tags?post=57368"}],"curies":[{"name":"wp","href":"https:\/\/api.w.org\/{rel}","templated":true}]}}