{"id":57362,"date":"2025-02-20T12:06:39","date_gmt":"2025-02-20T15:06:39","guid":{"rendered":"https:\/\/www.sincomam.org.br\/?p=57362"},"modified":"2025-02-20T12:16:14","modified_gmt":"2025-02-20T15:16:14","slug":"onda-de-calor-onde-estao-as-frentes-frias-e-quais-regioes-podem-ser-afetadas-por-temporais","status":"publish","type":"post","link":"https:\/\/www.sincomam.org.br\/index.php\/onda-de-calor-onde-estao-as-frentes-frias-e-quais-regioes-podem-ser-afetadas-por-temporais\/","title":{"rendered":"Onda de calor: onde est\u00e3o as frentes frias e quais regi\u00f5es podem ser afetadas por temporais?"},"content":{"rendered":"<div id=\"chunk-b167u\">\n<div class=\"mc-column content-text active-extra-styles \" data-block-type=\"unstyled\" data-block-weight=\"30\" data-block-id=\"3\">\n<p class=\" content-text__container \" data-track-category=\"Link no Texto\" data-track-links=\"\" data-mrf-recirculation=\"Mat\u00e9ria - Links no Texto\">Enquanto grande parte do pa\u00eds enfrenta a\u00a0terceira onda de calor, a esperan\u00e7a de al\u00edvio vem das\u00a0frentes frias, fen\u00f4menos meteorol\u00f3gicos que trazem consigo queda nas temperaturas e umidade.<\/p>\n<\/div>\n<\/div>\n<div class=\"wall protected-content\">\n<div id=\"chunk-6jteg\">\n<div class=\"mc-column content-text active-extra-styles \" data-block-type=\"unstyled\" data-block-weight=\"17\" data-block-id=\"5\">\n<p class=\" content-text__container \" data-track-category=\"Link no Texto\" data-track-links=\"\" data-mrf-recirculation=\"Mat\u00e9ria - Links no Texto\">Mas onde est\u00e3o as frentes frias e como elas impactam o clima no Brasil nos pr\u00f3ximos dias?<\/p>\n<\/div>\n<\/div>\n<div id=\"chunk-4r7cj\">\n<div class=\"mc-column content-text active-extra-styles \" data-block-type=\"unstyled\" data-block-weight=\"41\" data-block-id=\"6\">\n<p class=\" content-text__container \" data-track-category=\"Link no Texto\" data-track-links=\"\" data-mrf-recirculation=\"Mat\u00e9ria - Links no Texto\">O meteorologista Bruno Bainy, do Centro de Pesquisas Meteorol\u00f3gicas e Clim\u00e1ticas Aplicadas \u00e0 Agricultura da Universidade Estadual de Campinas (Cepagri\/Unicamp), explica que uma\u00a0frente fria estacion\u00e1ria\u00a0se encontra sobre o Oceano Atl\u00e2ntico, pr\u00f3ximo ao litoral de\u00a0Santa Catarina e Paran\u00e1.<\/p>\n<\/div>\n<\/div>\n<div id=\"chunk-4k6pl\">\n<div class=\"mc-column content-text active-extra-styles \" data-block-type=\"unstyled\" data-block-weight=\"25\" data-block-id=\"7\">\n<p class=\" content-text__container \" data-track-category=\"Link no Texto\" data-track-links=\"\" data-mrf-recirculation=\"Mat\u00e9ria - Links no Texto\">Por isso, est\u00e3o previstas\u00a0<span class=\"highlight highlighted\">chuvas mais intensas nos dois estados nos pr\u00f3ximos dias. As temperaturas tamb\u00e9m ficam mais amenas na regi\u00e3o pela nebulosidade e precipita\u00e7\u00e3o.<\/span><\/p>\n<div id=\"chunk-3d9sk\">\n<div class=\"mc-column content-text active-extra-styles \" data-block-type=\"unstyled\" data-block-weight=\"38\" data-block-id=\"9\">\n<p class=\" content-text__container \" data-track-category=\"Link no Texto\" data-track-links=\"\" data-mrf-recirculation=\"Mat\u00e9ria - Links no Texto\">Entre esta quinta (20) e sexta-feira (21)\u00a0<span class=\"highlight highlighted\">deve se formar uma nova frente fria, que tamb\u00e9m influenciar\u00e1 o aumento de chuvas no Sul e Leste de S\u00e3o Paulo.<\/span>\u00a0Com isso, as temperaturas tendem a ter uma leve queda.<\/p>\n<\/div>\n<\/div>\n<div id=\"chunk-co3ri\">\n<div class=\"mc-column content-text active-extra-styles \" data-block-type=\"unstyled\" data-block-weight=\"35\" data-block-id=\"10\">\n<p class=\" content-text__container \" data-track-category=\"Link no Texto\" data-track-links=\"\" data-mrf-recirculation=\"Mat\u00e9ria - Links no Texto\">Por outro lado, segundo o meteorologista da Climatempo F\u00e1bio Luengo, nove estados e o Distrito Federal ainda passam por uma\u00a0onda de calor, que deve se estender at\u00e9 a pr\u00f3xima segunda-feira, 24 de fevereiro.<\/p>\n<\/div>\n<\/div>\n<div id=\"chunk-3qb69\">\n<div class=\"mc-column content-text active-extra-styles \" data-block-type=\"unstyled\" data-block-weight=\"23\" data-block-id=\"11\">\n<p class=\" content-text__container \" data-track-category=\"Link no Texto\" data-track-links=\"\" data-mrf-recirculation=\"Mat\u00e9ria - Links no Texto\">Nessas regi\u00f5es, h\u00e1 a presen\u00e7a de altas temperaturas e pouca chuva, isso porque um\u00a0bloqueio atmosf\u00e9rico\u00a0est\u00e1 impedindo a entrada das frente frias.<\/p>\n<div id=\"chunk-bf10o\">\n<div class=\"mc-column content-text active-extra-styles\" data-block-type=\"raw\" data-block-weight=\"1\" data-block-id=\"13\">\n<div class=\"content-intertitle\">\n<h2>Temporais<\/h2>\n<\/div>\n<p>Al\u00e9m do Sul do Brasil, regi\u00f5es como <span class=\"highlight highlighted\">Cear\u00e1, Norte do Piau\u00ed, Norte do Maranh\u00e3o, Norte do Par\u00e1 e Amap\u00e1 tamb\u00e9m t\u00eam previs\u00e3o de temporais.\u00a0<\/span>Nessa \u00e1rea atua a Zona de Converg\u00eancia Intertropical (ZCIT), que \u00e9 um corredor de umidade perto da linha do Equador e que no ver\u00e3o se aproxima mais da Am\u00e9rica do Sul.<\/p>\n<\/div>\n<\/div>\n<p data-track-category=\"Link no Texto\" data-track-links=\"\" data-mrf-recirculation=\"Mat\u00e9ria - Links no Texto\">Fonte: G1<\/p>\n<\/div>\n<\/div>\n<\/div>\n<\/div>\n<\/div>\n","protected":false},"excerpt":{"rendered":"<p>Enquanto grande parte do pa\u00eds enfrenta a\u00a0terceira onda de calor, a esperan\u00e7a de al\u00edvio vem das\u00a0frentes frias, fen\u00f4menos meteorol\u00f3gicos que trazem consigo queda nas temperaturas&#8230;<\/p>\n","protected":false},"author":1527,"featured_media":57367,"comment_status":"closed","ping_status":"closed","sticky":false,"template":"","format":"standard","meta":{"footnotes":""},"categories":[6],"tags":[],"class_list":["post-57362","post","type-post","status-publish","format-standard","has-post-thumbnail","hentry","category-noticias"],"_links":{"self":[{"href":"https:\/\/www.sincomam.org.br\/index.php\/wp-json\/wp\/v2\/posts\/57362","targetHints":{"allow":["GET"]}}],"collection":[{"href":"https:\/\/www.sincomam.org.br\/index.php\/wp-json\/wp\/v2\/posts"}],"about":[{"href":"https:\/\/www.sincomam.org.br\/index.php\/wp-json\/wp\/v2\/types\/post"}],"author":[{"embeddable":true,"href":"https:\/\/www.sincomam.org.br\/index.php\/wp-json\/wp\/v2\/users\/1527"}],"replies":[{"embeddable":true,"href":"https:\/\/www.sincomam.org.br\/index.php\/wp-json\/wp\/v2\/comments?post=57362"}],"version-history":[{"count":1,"href":"https:\/\/www.sincomam.org.br\/index.php\/wp-json\/wp\/v2\/posts\/57362\/revisions"}],"predecessor-version":[{"id":57364,"href":"https:\/\/www.sincomam.org.br\/index.php\/wp-json\/wp\/v2\/posts\/57362\/revisions\/57364"}],"wp:featuredmedia":[{"embeddable":true,"href":"https:\/\/www.sincomam.org.br\/index.php\/wp-json\/wp\/v2\/media\/57367"}],"wp:attachment":[{"href":"https:\/\/www.sincomam.org.br\/index.php\/wp-json\/wp\/v2\/media?parent=57362"}],"wp:term":[{"taxonomy":"category","embeddable":true,"href":"https:\/\/www.sincomam.org.br\/index.php\/wp-json\/wp\/v2\/categories?post=57362"},{"taxonomy":"post_tag","embeddable":true,"href":"https:\/\/www.sincomam.org.br\/index.php\/wp-json\/wp\/v2\/tags?post=57362"}],"curies":[{"name":"wp","href":"https:\/\/api.w.org\/{rel}","templated":true}]}}