{"id":57354,"date":"2025-02-20T11:07:10","date_gmt":"2025-02-20T14:07:10","guid":{"rendered":"https:\/\/www.sincomam.org.br\/?p=57354"},"modified":"2025-02-20T11:07:10","modified_gmt":"2025-02-20T14:07:10","slug":"navio-de-cruzeiro-vasco-da-gama-atraca-no-porto-de-paranagua","status":"publish","type":"post","link":"https:\/\/www.sincomam.org.br\/index.php\/navio-de-cruzeiro-vasco-da-gama-atraca-no-porto-de-paranagua\/","title":{"rendered":"Navio de cruzeiro Vasco da Gama atraca no Porto de Paranagu\u00e1"},"content":{"rendered":"<p>O navio de cruzeiro Vasco da Gama, da operadora Nicko Cruises, atracou na manh\u00e3 desta ter\u00e7a-feira (18) no Porto de Paranagu\u00e1, trazendo 708 cruzeiristas e 500 tripulantes. A embarca\u00e7\u00e3o permanecer\u00e1 no porto at\u00e9 a noite de quarta-feira (19).<\/p>\n<p>\u201cO Porto de Paranagu\u00e1 segue recebendo navios de cruzeiro e fornecendo toda a seguran\u00e7a e agilidade na atraca\u00e7\u00e3o e no atendimento ao p\u00fablico no cais\u201d, afirmou o diretor de Opera\u00e7\u00f5es da Portos do Paran\u00e1, Gabriel Vieira.<\/p>\n<p>Os passageiros podem desembarcar para realizar passeios e retornar ao navio. \u00c9 o caso do alem\u00e3o Philip Duckwitz, que visita o Porto de Paranagu\u00e1 pela primeira vez e est\u00e1 ansioso pelo passeio de trem, que sai de Curitiba e segue at\u00e9 Morretes. \u201cEstou empolgado para ver a natureza e fazer o passeio de trem\u201d, afirmou Duckwitz.<\/p>\n<p>A cruzeirista Utah Egle Lucie aproveitou o primeiro ano de aposentadoria para fugir do frio alem\u00e3o e conhecer a Am\u00e9rica Latina. \u201cAt\u00e9 agora, a viagem tem sido linda. Minha expectativa hoje \u00e9 ver o trem e, claro, a bela paisagem. Vamos caminhar em Antonina, e estou muito animada para conhecer a cidade e os h\u00e1bitos locais\u201d, contou Lucie.<\/p>\n<p>Com 219 metros de comprimento e 31 metros de largura, o navio de passageiros navega sob bandeira portuguesa. A embarca\u00e7\u00e3o partiu da Alemanha e iniciou seu roteiro pela Am\u00e9rica Latina no dia 12 de fevereiro, em Punta del Este, no Uruguai. No Brasil, al\u00e9m de Paranagu\u00e1, o Vasco da Gama j\u00e1 fez escalas em Balne\u00e1rio Cambori\u00fa e S\u00e3o Francisco do Sul. Do litoral paranaense, seguir\u00e1 para Santos, Angra dos Reis, Paraty, Rio de Janeiro, B\u00fazios, Vit\u00f3ria, Ilh\u00e9us, Salvador, Recife e Fortaleza, de onde retornar\u00e1 \u00e0 Europa. O pr\u00f3ximo navio de cruzeiro previsto para atracar no Porto de Paranagu\u00e1 ser\u00e1 o Scenic Eclipse, em mar\u00e7o deste ano.<\/p>\n<p><strong>Sobre a temporada de cruzeiros<\/strong><\/p>\n<p>Al\u00e9m do Vasco da Gama, o Porto de Paranagu\u00e1 j\u00e1 recebeu, nesta segunda temporada de cruzeiros iniciada em dezembro, o MSC Armonia. Em oito atraca\u00e7\u00f5es, 19.261 pessoas passaram pelo litoral paranaense. Ao todo, 13.190 cruzeiristas e tripulantes movimentaram o com\u00e9rcio local, visitaram atrativos tur\u00edsticos e realizaram diversos passeios, impulsionando tamb\u00e9m o trabalho de agentes de turismo da regi\u00e3o.<\/p>\n<p>O Governo do Paran\u00e1, por meio da Portos do Paran\u00e1 e da Secretaria do Turismo, segue negociando novas rotas com operadoras de cruzeiros para fortalecer as pr\u00f3ximas temporadas no litoral do estado.<\/p>\n<div id=\"gallery-news\">\n<div class=\"slick unslick slick--main slick--initialized\">\n<div class=\"slide__caption\" tabindex=\"-1\">\n<div class=\"slide__description\">Foto: Portos do Paran\u00e1<\/div>\n<\/div>\n<\/div>\n<\/div>\n","protected":false},"excerpt":{"rendered":"<p>O navio de cruzeiro Vasco da Gama, da operadora Nicko Cruises, atracou na manh\u00e3 desta ter\u00e7a-feira (18) no Porto de Paranagu\u00e1, trazendo 708 cruzeiristas e&#8230;<\/p>\n","protected":false},"author":1527,"featured_media":57356,"comment_status":"closed","ping_status":"closed","sticky":false,"template":"","format":"standard","meta":{"footnotes":""},"categories":[6],"tags":[],"class_list":["post-57354","post","type-post","status-publish","format-standard","has-post-thumbnail","hentry","category-noticias"],"_links":{"self":[{"href":"https:\/\/www.sincomam.org.br\/index.php\/wp-json\/wp\/v2\/posts\/57354","targetHints":{"allow":["GET"]}}],"collection":[{"href":"https:\/\/www.sincomam.org.br\/index.php\/wp-json\/wp\/v2\/posts"}],"about":[{"href":"https:\/\/www.sincomam.org.br\/index.php\/wp-json\/wp\/v2\/types\/post"}],"author":[{"embeddable":true,"href":"https:\/\/www.sincomam.org.br\/index.php\/wp-json\/wp\/v2\/users\/1527"}],"replies":[{"embeddable":true,"href":"https:\/\/www.sincomam.org.br\/index.php\/wp-json\/wp\/v2\/comments?post=57354"}],"version-history":[{"count":1,"href":"https:\/\/www.sincomam.org.br\/index.php\/wp-json\/wp\/v2\/posts\/57354\/revisions"}],"predecessor-version":[{"id":57357,"href":"https:\/\/www.sincomam.org.br\/index.php\/wp-json\/wp\/v2\/posts\/57354\/revisions\/57357"}],"wp:featuredmedia":[{"embeddable":true,"href":"https:\/\/www.sincomam.org.br\/index.php\/wp-json\/wp\/v2\/media\/57356"}],"wp:attachment":[{"href":"https:\/\/www.sincomam.org.br\/index.php\/wp-json\/wp\/v2\/media?parent=57354"}],"wp:term":[{"taxonomy":"category","embeddable":true,"href":"https:\/\/www.sincomam.org.br\/index.php\/wp-json\/wp\/v2\/categories?post=57354"},{"taxonomy":"post_tag","embeddable":true,"href":"https:\/\/www.sincomam.org.br\/index.php\/wp-json\/wp\/v2\/tags?post=57354"}],"curies":[{"name":"wp","href":"https:\/\/api.w.org\/{rel}","templated":true}]}}