{"id":5732,"date":"2014-05-29T08:00:12","date_gmt":"2014-05-29T11:00:12","guid":{"rendered":"http:\/\/www.sincomam.org.br\/?p=5732"},"modified":"2014-05-28T19:48:02","modified_gmt":"2014-05-28T22:48:02","slug":"companhia-docas-do-para-tem-novo-presidente","status":"publish","type":"post","link":"https:\/\/www.sincomam.org.br\/index.php\/companhia-docas-do-para-tem-novo-presidente\/","title":{"rendered":"Companhia Docas do Par\u00e1 tem novo presidente"},"content":{"rendered":"<p>Foi empossado nesta ter\u00e7a-feira, 27 de maio, em Bel\u00e9m, o novo diretor-presidente da Companhia Docas do Par\u00e1 (CDP), Jorge Ruiz, cuja indica\u00e7\u00e3o foi aprovada no \u00faltimo dia 06 de maio pelo Conselho de Administra\u00e7\u00e3o da empresa. Especialista em regula\u00e7\u00e3o da Ag\u00eancia Nacional de Telecomunica\u00e7\u00f5es (Anatel), Ruiz deixou a diretoria de Gest\u00e3o de Log\u00edstica Portu\u00e1ria da Secretaria de Portos (SEP), onde est\u00e1 lotado desde a sua cria\u00e7\u00e3o, em 2007, para assumir a CDP no lugar de Carlos Ponciano.<\/p>\n<p>Ao participar da solenidade de posse, o ministro da SEP, Ant\u00f4nio Henrique Silveira, destacou a import\u00e2ncia do corredor norte para a log\u00edstica nacional e lembrou que governo federal fez projetos aprofundados que colocaram a regi\u00e3o Norte como um eixo muito importante para a log\u00edstica brasileira. \u201cNo \u00e2mbito portu\u00e1rio temos agora uma abertura para a competi\u00e7\u00e3o em portos organizados e terminais de uso privado que \u00e9 \u00edmpar na nossa hist\u00f3ria recente\u201d.<\/p>\n<p>Os portos da CDP fazem parte do bloco I do Programa de Arrendamentos Portu\u00e1rios. Est\u00e3o previstos investimentos de R$ 4 bilh\u00f5es com as licita\u00e7\u00f5es de \u00e1reas nos portos de Vila do Conde, Santar\u00e9m, Bel\u00e9m e terminais de Outeiro e Miramar. A regi\u00e3o tamb\u00e9m est\u00e1 contemplada no novo ciclo de autoriza\u00e7\u00f5es para instala\u00e7\u00f5es portu\u00e1rias privadas.<\/p>\n<p>O ministro ressaltou o aumento da capacidade de escoamento da produ\u00e7\u00e3o agr\u00edcola pelo corredor norte. \u201cEsse ano ele movimentar mais de 5 milh\u00f5es de toneladas e temos a expectativa de que possa ultrapassar 15 milh\u00f5es de toneladas em tr\u00eas anos\u201d. Silveira adiantou que h\u00e1 uma grande procura de grupos do setor privado por terminais e neg\u00f3cios relacionados \u00e0 log\u00edstica em toda a regi\u00e3o.<\/p>\n<p>Para Silveira, a Autoridade Portu\u00e1ria tem que ser capaz de encarar essa \u201cpress\u00e3o\u201d de forma consolidada e ressaltou que as companhias docas devem ser mais r\u00e1pidas, eficientes e capazes de atender \u00e0s necessidades das comunidades do setor portu\u00e1rio nesse ambiente mais competitivo.<\/p>\n<p>Lembrou que a CDP passar\u00e1 pela mesma revis\u00e3o de processos de gest\u00e3o interna j\u00e1 em implanta\u00e7\u00e3o na Companhia Docas do Estado de S\u00e3o Paulo (Codesp), por meio da contrata\u00e7\u00e3o de uma empresa de consultoria. A expectativa \u00e9 que em tr\u00eas meses os consultores estejam atuando na Cia Docas do Par\u00e1. A CDRJ (Rio de Janeiro) tamb\u00e9m ter\u00e1 seus processos internos de movimenta\u00e7\u00e3o de cargas e de passageiros revistos.<\/p>\n<p>Em seu discurso de posse, o novo presidente da CDP disse que implantar\u00e1 o plano de carreira dos servidores da empresa e tamb\u00e9m destacou a contrata\u00e7\u00e3o da empresa de consultoria que vai melhorar a gest\u00e3o dos processos internos da companhia.<\/p>\n<p>Jorge Ruiz afirmou ainda que atuar\u00e1 para aumentar as parcerias p\u00fablicas e privadas da empresa. \u201cOs desafios s\u00e3o grandes. Vamos trabalhar para adequar a companhia a um novo momento que estamos vivendo de expans\u00e3o do eixo norte\u201d.<\/p>\n<p><strong>Novo terminal <\/strong><\/p>\n<p>Ap\u00f3s a solenidade, o ministro Ant\u00f4nio Henrique Silveira, acompanhado de autoridades locais, visitou o novo Terminal Hidrovi\u00e1rio do Porto de Bel\u00e9m.<\/p>\n<p>Constru\u00eddo no antigo armaz\u00e9m cedido pela CDP ao governo estadual, situa-se no Galp\u00e3o 9 do Porto de Bel\u00e9m. O Estado do Par\u00e1 contraiu um financiamento do BNDES e investiu cerca de R$ 20 milh\u00f5es na reforma e adequa\u00e7\u00e3o das instala\u00e7\u00f5es.<\/p>\n<p>Com cerca de 3 mil metros quadrados, o novo terminal permitir\u00e1 a movimenta\u00e7\u00e3o de mais de 120 mil passageiros\/m\u00eas com destino \u00e0 Ilha de Maraj\u00f3, ao Amap\u00e1, Amazonas e outras cidades \u00e0s margens malha fluvial da regi\u00e3o amaz\u00f4nica.<\/p>\n<p>\u201c\u00c9 um terminal importante uma vez que a regi\u00e3o amaz\u00f4nica, o Par\u00e1 em particular, tem em suas hidrovias n\u00e3o s\u00f3 um vetor de escoamento de carga, mas principalmente no transporte de popula\u00e7\u00f5es\u201d, elogiou o ministro.<\/p>\n<p>Fonte: SEP<\/p>\n","protected":false},"excerpt":{"rendered":"<p>Foi empossado nesta ter\u00e7a-feira, 27 de maio, em Bel\u00e9m, o novo diretor-presidente da Companhia Docas do Par\u00e1 (CDP), Jorge Ruiz, cuja indica\u00e7\u00e3o foi aprovada no&#8230;<\/p>\n","protected":false},"author":1182,"featured_media":5342,"comment_status":"closed","ping_status":"closed","sticky":false,"template":"","format":"standard","meta":{"footnotes":""},"categories":[6],"tags":[1316,659,100,513,314],"class_list":["post-5732","post","type-post","status-publish","format-standard","has-post-thumbnail","hentry","category-noticias","tag-companhia","tag-docas","tag-novo","tag-para","tag-presidente"],"_links":{"self":[{"href":"https:\/\/www.sincomam.org.br\/index.php\/wp-json\/wp\/v2\/posts\/5732","targetHints":{"allow":["GET"]}}],"collection":[{"href":"https:\/\/www.sincomam.org.br\/index.php\/wp-json\/wp\/v2\/posts"}],"about":[{"href":"https:\/\/www.sincomam.org.br\/index.php\/wp-json\/wp\/v2\/types\/post"}],"author":[{"embeddable":true,"href":"https:\/\/www.sincomam.org.br\/index.php\/wp-json\/wp\/v2\/users\/1182"}],"replies":[{"embeddable":true,"href":"https:\/\/www.sincomam.org.br\/index.php\/wp-json\/wp\/v2\/comments?post=5732"}],"version-history":[{"count":1,"href":"https:\/\/www.sincomam.org.br\/index.php\/wp-json\/wp\/v2\/posts\/5732\/revisions"}],"predecessor-version":[{"id":5733,"href":"https:\/\/www.sincomam.org.br\/index.php\/wp-json\/wp\/v2\/posts\/5732\/revisions\/5733"}],"wp:featuredmedia":[{"embeddable":true,"href":"https:\/\/www.sincomam.org.br\/index.php\/wp-json\/wp\/v2\/media\/5342"}],"wp:attachment":[{"href":"https:\/\/www.sincomam.org.br\/index.php\/wp-json\/wp\/v2\/media?parent=5732"}],"wp:term":[{"taxonomy":"category","embeddable":true,"href":"https:\/\/www.sincomam.org.br\/index.php\/wp-json\/wp\/v2\/categories?post=5732"},{"taxonomy":"post_tag","embeddable":true,"href":"https:\/\/www.sincomam.org.br\/index.php\/wp-json\/wp\/v2\/tags?post=5732"}],"curies":[{"name":"wp","href":"https:\/\/api.w.org\/{rel}","templated":true}]}}