{"id":57286,"date":"2025-02-18T10:23:51","date_gmt":"2025-02-18T13:23:51","guid":{"rendered":"http:\/\/www.sincomam.org.br\/?p=57286"},"modified":"2025-02-18T10:23:51","modified_gmt":"2025-02-18T13:23:51","slug":"complexo-de-itajai-cresceu-26-em-janeiro","status":"publish","type":"post","link":"https:\/\/www.sincomam.org.br\/index.php\/complexo-de-itajai-cresceu-26-em-janeiro\/","title":{"rendered":"Complexo de Itaja\u00ed cresceu 26% em janeiro"},"content":{"rendered":"<p>O Complexo Portu\u00e1rio de Itaja\u00ed registrou um crescimento de 26% na movimenta\u00e7\u00e3o de cargas em janeiro de 2025, atingindo 1,27 milh\u00e3o de toneladas, ante pouco mais de um milh\u00e3o no mesmo per\u00edodo de 2024. Esse avan\u00e7o reflete a integra\u00e7\u00e3o entre gest\u00e3o p\u00fablica eficiente e atua\u00e7\u00e3o do setor privado, segundo a Autoridade Portu\u00e1ria de Santos (APS), respons\u00e1vel pela infraestrutura p\u00fablica do porto.<\/p>\n<p>No cais p\u00fablico, a movimenta\u00e7\u00e3o foi de 47,9 mil toneladas, um aumento de 28% em rela\u00e7\u00e3o a janeiro de 2024. O destaque foi a atraca\u00e7\u00e3o de navios de cruzeiro, que representaram 13 das 17 opera\u00e7\u00f5es realizadas no per\u00edodo, al\u00e9m de cargas gerais, cont\u00eaineres e ve\u00edculos. Para ampliar o embarque e desembarque de cargueiros sem prejudicar os cruzeiros, a APS-Itaja\u00ed adotou a movimenta\u00e7\u00e3o terrestre de carga geral.<\/p>\n<p>A exporta\u00e7\u00e3o superou a importa\u00e7\u00e3o no Porto de Itaja\u00ed, com 185,4 mil toneladas enviadas ao exterior contra 174,5 mil toneladas desembarcadas. No total do complexo portu\u00e1rio, 54% das opera\u00e7\u00f5es foram de desembarque (690,7 mil toneladas) e 46% de embarque (581,6 mil toneladas), ambos registrando alta de 26% em rela\u00e7\u00e3o ao ano anterior.<\/p>\n<p>A movimenta\u00e7\u00e3o de cont\u00eaineres cresceu 21%, passando de 97 mil TEUs em janeiro de 2024 para 117,8 mil TEUs neste ano. O Porto de Itaja\u00ed movimentou 359,9 mil toneladas, enquanto os terminais de uso privado registraram 912,4 mil toneladas. O n\u00famero de atraca\u00e7\u00f5es aumentou 28%, chegando a 102, sendo 51 delas de navios de longo curso.<\/p>\n<p>Fonte: Portos e Navios<\/p>\n","protected":false},"excerpt":{"rendered":"<p>O Complexo Portu\u00e1rio de Itaja\u00ed registrou um crescimento de 26% na movimenta\u00e7\u00e3o de cargas em janeiro de 2025, atingindo 1,27 milh\u00e3o de toneladas, ante pouco&#8230;<\/p>\n","protected":false},"author":1527,"featured_media":57288,"comment_status":"closed","ping_status":"closed","sticky":false,"template":"","format":"standard","meta":{"footnotes":""},"categories":[6],"tags":[],"class_list":["post-57286","post","type-post","status-publish","format-standard","has-post-thumbnail","hentry","category-noticias"],"_links":{"self":[{"href":"https:\/\/www.sincomam.org.br\/index.php\/wp-json\/wp\/v2\/posts\/57286","targetHints":{"allow":["GET"]}}],"collection":[{"href":"https:\/\/www.sincomam.org.br\/index.php\/wp-json\/wp\/v2\/posts"}],"about":[{"href":"https:\/\/www.sincomam.org.br\/index.php\/wp-json\/wp\/v2\/types\/post"}],"author":[{"embeddable":true,"href":"https:\/\/www.sincomam.org.br\/index.php\/wp-json\/wp\/v2\/users\/1527"}],"replies":[{"embeddable":true,"href":"https:\/\/www.sincomam.org.br\/index.php\/wp-json\/wp\/v2\/comments?post=57286"}],"version-history":[{"count":1,"href":"https:\/\/www.sincomam.org.br\/index.php\/wp-json\/wp\/v2\/posts\/57286\/revisions"}],"predecessor-version":[{"id":57289,"href":"https:\/\/www.sincomam.org.br\/index.php\/wp-json\/wp\/v2\/posts\/57286\/revisions\/57289"}],"wp:featuredmedia":[{"embeddable":true,"href":"https:\/\/www.sincomam.org.br\/index.php\/wp-json\/wp\/v2\/media\/57288"}],"wp:attachment":[{"href":"https:\/\/www.sincomam.org.br\/index.php\/wp-json\/wp\/v2\/media?parent=57286"}],"wp:term":[{"taxonomy":"category","embeddable":true,"href":"https:\/\/www.sincomam.org.br\/index.php\/wp-json\/wp\/v2\/categories?post=57286"},{"taxonomy":"post_tag","embeddable":true,"href":"https:\/\/www.sincomam.org.br\/index.php\/wp-json\/wp\/v2\/tags?post=57286"}],"curies":[{"name":"wp","href":"https:\/\/api.w.org\/{rel}","templated":true}]}}