{"id":57244,"date":"2025-02-17T06:00:08","date_gmt":"2025-02-17T09:00:08","guid":{"rendered":"http:\/\/www.sincomam.org.br\/?p=57244"},"modified":"2025-02-16T12:13:40","modified_gmt":"2025-02-16T15:13:40","slug":"marinha-avanca-no-prosub-com-entrega-de-novas-instalacoes-no-complexo-naval-de-itaguai","status":"publish","type":"post","link":"https:\/\/www.sincomam.org.br\/index.php\/marinha-avanca-no-prosub-com-entrega-de-novas-instalacoes-no-complexo-naval-de-itaguai\/","title":{"rendered":"Marinha avan\u00e7a no PROSUB com entrega de novas instala\u00e7\u00f5es no Complexo Naval de Itagua\u00ed"},"content":{"rendered":"<p class=\"text-align-justify\">A Marinha do Brasil (MB) deu um passo estrat\u00e9gico no Programa de Desenvolvimento de Submarinos (PROSUB) com a inaugura\u00e7\u00e3o de novas instala\u00e7\u00f5es no Complexo Naval de Itagua\u00ed (CNI). Entre as estruturas entregues, na quinta-feira (13), est\u00e3o o pr\u00e9dio administrativo da Base de Submarinos da Ilha da Madeira (BSIM), os cais 3 e 4, a subesta\u00e7\u00e3o el\u00e9trica, a Pra\u00e7a da BSIM e o P\u00f3rtico de Cerim\u00f4nias. A amplia\u00e7\u00e3o refor\u00e7a a capacidade log\u00edstica e operacional da Base.<\/p>\n<figure><\/figure>\n<p class=\"text-align-justify\">O novo pr\u00e9dio administrativo, no qual atuar\u00e3o cerca de 200 militares de diversas \u00e1reas, centraliza a gest\u00e3o operacional da BSIM, otimizando as condi\u00e7\u00f5es de trabalho e aprimorando o suporte \u00e0s atividades navais. J\u00e1 os cais 3 e 4 expandem a capacidade de atraca\u00e7\u00e3o e log\u00edstica da Base. A subesta\u00e7\u00e3o el\u00e9trica integrada garantir\u00e1 fornecimento de energia e recarga de baterias, aumentando a autonomia e efici\u00eancia das opera\u00e7\u00f5es. A estrutura tamb\u00e9m inclui a Pra\u00e7a da BSIM e o P\u00f3rtico de Cerim\u00f4nias, espa\u00e7os dedicados a formaturas e solenidades militares.<\/p>\n<figure><\/figure>\n<p class=\"text-align-justify\">As novas instala\u00e7\u00f5es contam ainda com sistemas modernos de monitoramento, seguran\u00e7a, ventila\u00e7\u00e3o e climatiza\u00e7\u00e3o, al\u00e9m de uma usina de gera\u00e7\u00e3o el\u00e9trica fotovoltaica, que contribuir\u00e1 para a efici\u00eancia energ\u00e9tica e a redu\u00e7\u00e3o de custos operacionais. A amplia\u00e7\u00e3o permitir\u00e1 melhores condi\u00e7\u00f5es para o atendimento \u00e0s organiza\u00e7\u00f5es militares apoiadas pela BSIM, ampliando sua capacidade operacional. Com a entrega dos novos cais, a base poder\u00e1 receber dois submarinos atracados a contrabordo ou um navio, proporcionando maior flexibilidade e efici\u00eancia log\u00edstica.<\/p>\n<p class=\"text-align-justify\">\u201cNosso planejamento estrat\u00e9gico inclui n\u00e3o apenas a aquisi\u00e7\u00e3o de novos meios, mas tamb\u00e9m a capacidade de control\u00e1-los e mant\u00ea-los a partir de terra, garantindo seu pleno funcionamento. As entregas est\u00e3o acontecendo. Al\u00e9m da infraestrutura, j\u00e1 temos dois submarinos incorporados, que est\u00e3o sendo empregados em opera\u00e7\u00f5es da Esquadra. Outros dois submarinos convencionais est\u00e3o a caminho, juntamente com o principal objetivo do PROSUB, que \u00e9 o Submarino Nuclear Convencionalmente Armado\u201d, enfatizou o Comandante de Opera\u00e7\u00f5es Navais, Almirante de Esquadra Cl\u00e1udio Henrique Mello de Almeida, ao destacar os investimentos da MB na moderniza\u00e7\u00e3o e manuten\u00e7\u00e3o de seus meios operativos.<\/p>\n<p class=\"text-align-justify\">A expans\u00e3o do Complexo Naval de Itagua\u00ed, no entanto, n\u00e3o se encerra com essa etapa. Novas constru\u00e7\u00f5es est\u00e3o previstas, como o Esquadr\u00e3o de Guerra Cibern\u00e9tica, o Pr\u00e9dio do Comando do Centro de Instru\u00e7\u00e3o e Adestramento Almirante \u00c1ttila Monteiro Ach\u00e9, os Cais 5, 6, 7 e 8, com suas respectivas subesta\u00e7\u00f5es el\u00e9tricas, os tanques de armazenamento de combust\u00edvel, o posto de abastecimento e a garagem de viaturas.<\/p>\n<p class=\"text-align-justify\">Para o Diretor-Geral de Desenvolvimento Nuclear e Tecnol\u00f3gico da Marinha, Almirante de Esquadra Alexandre Rabello de Faria, essas novas entregas reafirmam o compromisso da For\u00e7a com a moderniza\u00e7\u00e3o de suas instala\u00e7\u00f5es, garantindo maior efici\u00eancia operacional e fortalecendo o maior programa estrat\u00e9gico do Estado brasileiro, o PROSUB.<\/p>\n<p class=\"text-align-justify\">Fonte: Ag\u00eancia Marinha de Not\u00edcias<\/p>\n","protected":false},"excerpt":{"rendered":"<p>A Marinha do Brasil (MB) deu um passo estrat\u00e9gico no Programa de Desenvolvimento de Submarinos (PROSUB) com a inaugura\u00e7\u00e3o de novas instala\u00e7\u00f5es no Complexo Naval&#8230;<\/p>\n","protected":false},"author":1527,"featured_media":57246,"comment_status":"closed","ping_status":"closed","sticky":false,"template":"","format":"standard","meta":{"footnotes":""},"categories":[6],"tags":[],"class_list":["post-57244","post","type-post","status-publish","format-standard","has-post-thumbnail","hentry","category-noticias"],"_links":{"self":[{"href":"https:\/\/www.sincomam.org.br\/index.php\/wp-json\/wp\/v2\/posts\/57244","targetHints":{"allow":["GET"]}}],"collection":[{"href":"https:\/\/www.sincomam.org.br\/index.php\/wp-json\/wp\/v2\/posts"}],"about":[{"href":"https:\/\/www.sincomam.org.br\/index.php\/wp-json\/wp\/v2\/types\/post"}],"author":[{"embeddable":true,"href":"https:\/\/www.sincomam.org.br\/index.php\/wp-json\/wp\/v2\/users\/1527"}],"replies":[{"embeddable":true,"href":"https:\/\/www.sincomam.org.br\/index.php\/wp-json\/wp\/v2\/comments?post=57244"}],"version-history":[{"count":1,"href":"https:\/\/www.sincomam.org.br\/index.php\/wp-json\/wp\/v2\/posts\/57244\/revisions"}],"predecessor-version":[{"id":57247,"href":"https:\/\/www.sincomam.org.br\/index.php\/wp-json\/wp\/v2\/posts\/57244\/revisions\/57247"}],"wp:featuredmedia":[{"embeddable":true,"href":"https:\/\/www.sincomam.org.br\/index.php\/wp-json\/wp\/v2\/media\/57246"}],"wp:attachment":[{"href":"https:\/\/www.sincomam.org.br\/index.php\/wp-json\/wp\/v2\/media?parent=57244"}],"wp:term":[{"taxonomy":"category","embeddable":true,"href":"https:\/\/www.sincomam.org.br\/index.php\/wp-json\/wp\/v2\/categories?post=57244"},{"taxonomy":"post_tag","embeddable":true,"href":"https:\/\/www.sincomam.org.br\/index.php\/wp-json\/wp\/v2\/tags?post=57244"}],"curies":[{"name":"wp","href":"https:\/\/api.w.org\/{rel}","templated":true}]}}