{"id":57231,"date":"2025-02-14T11:48:56","date_gmt":"2025-02-14T14:48:56","guid":{"rendered":"http:\/\/www.sincomam.org.br\/?p=57231"},"modified":"2025-02-14T11:48:56","modified_gmt":"2025-02-14T14:48:56","slug":"porta-avioes-uss-harry-s-truman-colide-com-navio-mercante-perto-de-porto-said-no-mediterraneo","status":"publish","type":"post","link":"https:\/\/www.sincomam.org.br\/index.php\/porta-avioes-uss-harry-s-truman-colide-com-navio-mercante-perto-de-porto-said-no-mediterraneo\/","title":{"rendered":"Porta-avi\u00f5es USS \u2018Harry S. Truman\u2019 colide com navio mercante perto de Porto Said, no Mediterr\u00e2neo"},"content":{"rendered":"<p>O porta-avi\u00f5es\u00a0USS Harry S. Truman\u00a0colidiu na quarta-feira com um navio mercante pr\u00f3ximo a Porto Said, Egito, no Mar Mediterr\u00e2neo, anunciou a\u00a0Marinha dos EUA.<\/p>\n<div id=\"_ppads_outstream_intext\" data-premium=\"\" data-adunit=\"NAVAL_INTEXT_01\" data-sizes-mobile=\"[[336,280],[300,250]]\" data-sizes-desktop=\"[[640,360],[336,280],[300,250]]\" data-type=\"intext\" data-count=\"1\" data-fetch=\"true\" data-google-query-id=\"COnDsoe0w4sDFQdM3QIdugYJbw\">\n<p>\u201cO porta-avi\u00f5es da classe Nimitz USS\u00a0Harry S. Truman\u00a0(CVN 75) esteve envolvido em uma colis\u00e3o com o navio mercante Besiktas-M por volta das 23h46, hor\u00e1rio local, em 12 de fevereiro, enquanto operava nas proximidades de Porto Said, Egito, no Mar Mediterr\u00e2neo\u201d, informou o Escrit\u00f3rio de Rela\u00e7\u00f5es P\u00fablicas da Sexta Frota da Marinha em um comunicado.<\/p>\n<\/div>\n<div>\n<p>\u201cA colis\u00e3o n\u00e3o representou perigo para o\u00a0Harry S. Truman\u00a0(CVN 75), pois n\u00e3o h\u00e1 relatos de inunda\u00e7\u00f5es ou feridos. As instala\u00e7\u00f5es de propuls\u00e3o n\u00e3o foram afetadas e permanecem em condi\u00e7\u00e3o segura e est\u00e1vel\u201d, acrescentou.<\/p>\n<p>A Marinha afirmou que o incidente est\u00e1 \u201csob investiga\u00e7\u00e3o\u201d.<\/p>\n<p>As circunst\u00e2ncias que levaram \u00e0 colis\u00e3o n\u00e3o foram imediatamente esclarecidas.<\/p>\n<p>Fonte: Poder Naval<\/p>\n<\/div>\n","protected":false},"excerpt":{"rendered":"<p>O porta-avi\u00f5es\u00a0USS Harry S. Truman\u00a0colidiu na quarta-feira com um navio mercante pr\u00f3ximo a Porto Said, Egito, no Mar Mediterr\u00e2neo, anunciou a\u00a0Marinha dos EUA. \u201cO porta-avi\u00f5es&#8230;<\/p>\n","protected":false},"author":1527,"featured_media":57233,"comment_status":"closed","ping_status":"closed","sticky":false,"template":"","format":"standard","meta":{"footnotes":""},"categories":[6],"tags":[],"class_list":["post-57231","post","type-post","status-publish","format-standard","has-post-thumbnail","hentry","category-noticias"],"_links":{"self":[{"href":"https:\/\/www.sincomam.org.br\/index.php\/wp-json\/wp\/v2\/posts\/57231","targetHints":{"allow":["GET"]}}],"collection":[{"href":"https:\/\/www.sincomam.org.br\/index.php\/wp-json\/wp\/v2\/posts"}],"about":[{"href":"https:\/\/www.sincomam.org.br\/index.php\/wp-json\/wp\/v2\/types\/post"}],"author":[{"embeddable":true,"href":"https:\/\/www.sincomam.org.br\/index.php\/wp-json\/wp\/v2\/users\/1527"}],"replies":[{"embeddable":true,"href":"https:\/\/www.sincomam.org.br\/index.php\/wp-json\/wp\/v2\/comments?post=57231"}],"version-history":[{"count":1,"href":"https:\/\/www.sincomam.org.br\/index.php\/wp-json\/wp\/v2\/posts\/57231\/revisions"}],"predecessor-version":[{"id":57234,"href":"https:\/\/www.sincomam.org.br\/index.php\/wp-json\/wp\/v2\/posts\/57231\/revisions\/57234"}],"wp:featuredmedia":[{"embeddable":true,"href":"https:\/\/www.sincomam.org.br\/index.php\/wp-json\/wp\/v2\/media\/57233"}],"wp:attachment":[{"href":"https:\/\/www.sincomam.org.br\/index.php\/wp-json\/wp\/v2\/media?parent=57231"}],"wp:term":[{"taxonomy":"category","embeddable":true,"href":"https:\/\/www.sincomam.org.br\/index.php\/wp-json\/wp\/v2\/categories?post=57231"},{"taxonomy":"post_tag","embeddable":true,"href":"https:\/\/www.sincomam.org.br\/index.php\/wp-json\/wp\/v2\/tags?post=57231"}],"curies":[{"name":"wp","href":"https:\/\/api.w.org\/{rel}","templated":true}]}}