{"id":57169,"date":"2025-02-12T11:24:13","date_gmt":"2025-02-12T14:24:13","guid":{"rendered":"http:\/\/www.sincomam.org.br\/?p=57169"},"modified":"2025-02-12T11:24:13","modified_gmt":"2025-02-12T14:24:13","slug":"porto-de-santos-e-pioneiro-na-adocao-de-plataforma-que-amplia-a-seguranca-das-operacoes","status":"publish","type":"post","link":"https:\/\/www.sincomam.org.br\/index.php\/porto-de-santos-e-pioneiro-na-adocao-de-plataforma-que-amplia-a-seguranca-das-operacoes\/","title":{"rendered":"Porto de Santos \u00e9 pioneiro na ado\u00e7\u00e3o de plataforma que amplia a seguran\u00e7a das opera\u00e7\u00f5es"},"content":{"rendered":"<p><span data-contrast=\"auto\">A Autoridade Portu\u00e1ria de Santos (APS) participou, nesta ter\u00e7a-feira (11), do lan\u00e7amento de um novo aplicativo para refor\u00e7ar a seguran\u00e7a dos portos brasileiros. O complexo santista ser\u00e1 pioneiro da implanta\u00e7\u00e3o da tecnologia, apresentada pela Ag\u00eancia Nacional de Transportes Aquavi\u00e1rios (Antaq) em evento no Parque Tecnol\u00f3gico da cidade.<\/span><\/p>\n<p><span data-contrast=\"auto\">A nova plataforma,\u00a0<\/span>batizada de Oi-BR<span data-contrast=\"auto\">\u00a0substituir\u00e1 o atual aplicativo Oi-Cepai, centralizando e modernizando o registro de ocorr\u00eancias de seguran\u00e7a e prote\u00e7\u00e3o nos portos. O sistema compila informa\u00e7\u00f5es e consolida dados para orientar a tomada de decis\u00f5es estrat\u00e9gicas tanto nas a\u00e7\u00f5es de seguran\u00e7a operacional (<\/span><i><span data-contrast=\"auto\">safety<\/span><\/i><span data-contrast=\"auto\">) quanto nas de prote\u00e7\u00e3o portu\u00e1ria (<\/span><i><span data-contrast=\"auto\">security<\/span><\/i><span data-contrast=\"auto\">).<\/span><\/p>\n<p><span data-contrast=\"auto\">Para o gerente de Seguran\u00e7a do Trabalho da APS, Ernesto Henriques da Costa Jr., que participou do desenvolvimento da plataforma, o sistema trar\u00e1 mais assertividade \u00e0 atua\u00e7\u00e3o da empresa. \u201cQuando agregamos intelig\u00eancia \u00e0s a\u00e7\u00f5es de monitoramento e seguran\u00e7a, n\u00f3s conseguimos dimensionar melhor os acidentes e evitar alarmes falsos, direcionando melhor os esfor\u00e7os da Autoridade Portu\u00e1ria\u201d, comenta.<\/span><span data-ccp-props=\"{}\">\u00a0<\/span><\/p>\n<p><span data-contrast=\"auto\">Eduardo Nery Machado, presidente da Antaq \u2013 a ag\u00eancia nacional respons\u00e1vel por regular e fiscalizar os servi\u00e7os aquavi\u00e1rios -, explicou que \u201ca solu\u00e7\u00e3o vai permitir o compartilhamento e a integra\u00e7\u00e3o de informa\u00e7\u00f5es, ajudando os atores envolvidos na opera\u00e7\u00e3o portu\u00e1ria a darem respostas mais c\u00e9leres a eventuais incidentes. Com dados estruturados, torna-se mais f\u00e1cil entender os problemas e corrigir as causas, e n\u00e3o os sintomas\u201d, completou.\u00a0<\/span><span data-ccp-props=\"{}\">\u00a0<\/span><\/p>\n<p><b><span data-contrast=\"auto\">Inova\u00e7\u00e3o<\/span><\/b><\/p>\n<p><span data-contrast=\"auto\">A partir da experi\u00eancia inicial nos portos de Santos e S\u00e3o Sebasti\u00e3o, no \u00e2mbito da\u00a0<\/span><span data-contrast=\"auto\">Comiss\u00e3o Estadual de Preven\u00e7\u00e3o de Acidentes e Incidentes do Complexo Portu\u00e1rio de Santos e S\u00e3o Sebasti\u00e3o (Cepai-SP),\u00a0<\/span><span data-contrast=\"auto\">a Antaq pretende expandir a utiliza\u00e7\u00e3o do OiBR para as demais instala\u00e7\u00f5es do pa\u00eds. De acordo com Ernesto, a defini\u00e7\u00e3o do Porto de Santos para o lan\u00e7amento da tecnologia consolida a lideran\u00e7a do complexo no setor nacional.<\/span><\/p>\n<p><span data-contrast=\"auto\">\u201cO Porto de Santos, pela sua import\u00e2ncia e dimens\u00f5es, \u00e9 pioneiro em todas as novas experi\u00eancias de log\u00edstica, seguran\u00e7a e demais \u00e1reas da opera\u00e7\u00e3o portu\u00e1ria. N\u00e3o apenas o Brasil, mas o mundo se inspira na experi\u00eancia de Santos e a APS trabalha para continuar contribuindo para o desenvolvimento do setor em todo o pa\u00eds\u201d, registra o gestor.<\/span><\/p>\n<p><span data-contrast=\"auto\">Al\u00e9m do gerente de Seguran\u00e7a do Trabalho, acompanhado de integrantes da Guarda Portu\u00e1ria, o membro do Conselho de Administra\u00e7\u00e3o da APS, Adilson Luiz Gon\u00e7alves, participou do evento de lan\u00e7amento.\u00a0<\/span><\/p>\n<p>Fonte: Informativo dos Portos<\/p>\n","protected":false},"excerpt":{"rendered":"<p>A Autoridade Portu\u00e1ria de Santos (APS) participou, nesta ter\u00e7a-feira (11), do lan\u00e7amento de um novo aplicativo para refor\u00e7ar a seguran\u00e7a dos portos brasileiros. O complexo&#8230;<\/p>\n","protected":false},"author":1527,"featured_media":57171,"comment_status":"closed","ping_status":"closed","sticky":false,"template":"","format":"standard","meta":{"footnotes":""},"categories":[6],"tags":[],"class_list":["post-57169","post","type-post","status-publish","format-standard","has-post-thumbnail","hentry","category-noticias"],"_links":{"self":[{"href":"https:\/\/www.sincomam.org.br\/index.php\/wp-json\/wp\/v2\/posts\/57169","targetHints":{"allow":["GET"]}}],"collection":[{"href":"https:\/\/www.sincomam.org.br\/index.php\/wp-json\/wp\/v2\/posts"}],"about":[{"href":"https:\/\/www.sincomam.org.br\/index.php\/wp-json\/wp\/v2\/types\/post"}],"author":[{"embeddable":true,"href":"https:\/\/www.sincomam.org.br\/index.php\/wp-json\/wp\/v2\/users\/1527"}],"replies":[{"embeddable":true,"href":"https:\/\/www.sincomam.org.br\/index.php\/wp-json\/wp\/v2\/comments?post=57169"}],"version-history":[{"count":1,"href":"https:\/\/www.sincomam.org.br\/index.php\/wp-json\/wp\/v2\/posts\/57169\/revisions"}],"predecessor-version":[{"id":57172,"href":"https:\/\/www.sincomam.org.br\/index.php\/wp-json\/wp\/v2\/posts\/57169\/revisions\/57172"}],"wp:featuredmedia":[{"embeddable":true,"href":"https:\/\/www.sincomam.org.br\/index.php\/wp-json\/wp\/v2\/media\/57171"}],"wp:attachment":[{"href":"https:\/\/www.sincomam.org.br\/index.php\/wp-json\/wp\/v2\/media?parent=57169"}],"wp:term":[{"taxonomy":"category","embeddable":true,"href":"https:\/\/www.sincomam.org.br\/index.php\/wp-json\/wp\/v2\/categories?post=57169"},{"taxonomy":"post_tag","embeddable":true,"href":"https:\/\/www.sincomam.org.br\/index.php\/wp-json\/wp\/v2\/tags?post=57169"}],"curies":[{"name":"wp","href":"https:\/\/api.w.org\/{rel}","templated":true}]}}