{"id":57153,"date":"2025-02-11T08:09:40","date_gmt":"2025-02-11T11:09:40","guid":{"rendered":"http:\/\/www.sincomam.org.br\/?p=57153"},"modified":"2025-02-11T08:09:40","modified_gmt":"2025-02-11T11:09:40","slug":"em-vespera-de-nova-onda-de-calor-10-capitais-do-centro-sul-devem-ter-maximas-acima-de-30c","status":"publish","type":"post","link":"https:\/\/www.sincomam.org.br\/index.php\/em-vespera-de-nova-onda-de-calor-10-capitais-do-centro-sul-devem-ter-maximas-acima-de-30c\/","title":{"rendered":"Em v\u00e9spera de nova onda de calor, 10 capitais do Centro-Sul devem ter m\u00e1ximas acima de 30\u00b0C"},"content":{"rendered":"<div id=\"chunk-17qk6\">\n<div class=\"mc-column content-text active-extra-styles \" data-block-type=\"unstyled\" data-block-weight=\"36\" data-block-id=\"3\">\n<p class=\" content-text__container \" data-track-category=\"Link no Texto\" data-track-links=\"\" data-mrf-recirculation=\"Mat\u00e9ria - Links no Texto\">Na v\u00e9spera de uma nova onda de calor que deve atingir boa parte do Sudeste, 10 capitais do Centro-Sul devem registrar temperaturas acima de 30\u00b0C nesta ter\u00e7a-feira (11), segundo o Instituto Nacional de Meteorologia (Inmet).<\/p>\n<\/div>\n<\/div>\n<div class=\"wall protected-content\">\n<div id=\"chunk-8qfc1\">\n<div class=\"mc-column content-text active-extra-styles \" data-block-type=\"unstyled\" data-block-weight=\"15\" data-block-id=\"5\">\n<p class=\" content-text__container \" data-track-category=\"Link no Texto\" data-track-links=\"\" data-mrf-recirculation=\"Mat\u00e9ria - Links no Texto\">O calor deve ser muito intenso neste in\u00edcio de semana nas seguintes capitais da regi\u00e3o:<\/p>\n<\/div>\n<\/div>\n<div id=\"chunk-fjhmg\">\n<div class=\"mc-column content-text active-extra-styles\" data-block-type=\"raw\" data-block-weight=\"54\" data-block-id=\"6\">\n<ul class=\"content-unordered-list\">\n<li>Porto Alegre\u00a0&#8211; m\u00e1xima de 39\u00b0C<\/li>\n<li>Florian\u00f3polis- m\u00e1xima de 33\u00b0C<\/li>\n<li>Curitiba\u00a0&#8211; m\u00e1xima de 30\u00b0C<\/li>\n<li>S\u00e3o Paulo\u00a0&#8211; m\u00e1xima de 32\u00b0C<\/li>\n<li>Rio de Janeiro\u00a0&#8211; m\u00e1xima de 37\u00b0C<\/li>\n<li>Vit\u00f3ria- m\u00e1xima de 32\u00b0C<\/li>\n<li>Belo Horizonte\u00a0&#8211; m\u00e1xima de 31\u00b0C<\/li>\n<li>Campo Grande\u00a0&#8211; m\u00e1xima de 34\u00b0C<\/li>\n<li>Cuiab\u00e1\u00a0&#8211; m\u00e1xima de 31\u00b0C<\/li>\n<li>Goi\u00e2nia\u00a0&#8211; m\u00e1xima de 31\u00b0C<\/li>\n<\/ul>\n<div id=\"chunk-dpp4l\">\n<div class=\"mc-column content-text active-extra-styles \" data-block-type=\"unstyled\" data-block-weight=\"29\" data-block-id=\"8\">\n<p class=\" content-text__container \" data-track-category=\"Link no Texto\" data-track-links=\"\" data-mrf-recirculation=\"Mat\u00e9ria - Links no Texto\">No Sul, a onda de calor que j\u00e1 provocou\u00a0recordes de temperatura em algumas cidades\u00a0na \u00faltima semana foi estendida novamente e\u00a0deve durar at\u00e9 a pr\u00f3xima quarta-feira (12).<\/p>\n<\/div>\n<\/div>\n<div id=\"chunk-3ntrl\">\n<div class=\"mc-column content-text active-extra-styles \" data-block-type=\"unstyled\" data-block-weight=\"48\" data-block-id=\"9\">\n<p class=\" content-text__container \" data-track-category=\"Link no Texto\" data-track-links=\"\" data-mrf-recirculation=\"Mat\u00e9ria - Links no Texto\">No fim de semana, a\u00a0Justi\u00e7a do Rio Grande do Sul mandou adiar o retorno \u00e0s aulas no estado, previsto para segunda-feira (10), justamente por conta do calor excessivo. Neste in\u00edcio de semana,\u00a0Porto Alegre\u00a0foi a\u00a0capital mais quente do pa\u00eds, com a m\u00e1xima atingindo quase 38\u00b0C.<\/p>\n<\/div>\n<\/div>\n<div id=\"chunk-eerl5\">\n<div class=\"mc-column content-text active-extra-styles \" data-block-type=\"unstyled\" data-block-weight=\"21\" data-block-id=\"10\">\n<p class=\" content-text__container \" data-track-category=\"Link no Texto\" data-track-links=\"\" data-mrf-recirculation=\"Mat\u00e9ria - Links no Texto\">\ufe0fDe acordo com F\u00e1bio Luengo, meteorologista da Climatempo, a onda \u00e9 reflexo de um bloqueio atmosf\u00e9rico localizado pr\u00f3ximo \u00e0 Argentina.<\/p>\n<\/div>\n<\/div>\n<div id=\"chunk-fcds3\">\n<div class=\"mc-column content-text active-extra-styles \" data-block-type=\"unstyled\" data-block-weight=\"38\" data-block-id=\"11\">\n<p class=\" content-text__container \" data-track-category=\"Link no Texto\" data-track-links=\"\" data-mrf-recirculation=\"Mat\u00e9ria - Links no Texto\">Inicialmente, o fen\u00f4meno estava previsto para acabar na sexta-feira (7), mas o fim do calor\u00e3o foi adiado mais de uma vez. Nesta semana, o bloqueio deve impactar grande parte do Sudeste e parte do Nordeste.<\/p>\n<\/div>\n<div id=\"chunk-dg3ck\">\n<div class=\"mc-column content-text active-extra-styles\" data-block-type=\"raw\" data-block-weight=\"4\" data-block-id=\"14\">\n<div class=\"content-intertitle\">\n<h2>Nova onda de calor<\/h2>\n<\/div>\n<p>Uma nova onda de calor deve se instalar pelo pa\u00eds a partir da quarta-feira (12) e se estender at\u00e9 sexta-feira (21). O fen\u00f4meno deve atingir de maneira mais intensa os estados do Sudeste e do Nordeste.<\/p>\n<\/div>\n<\/div>\n<div id=\"chunk-7n9k4\">\n<div class=\"mc-column content-text active-extra-styles \" data-block-type=\"unstyled\" data-block-weight=\"38\" data-block-id=\"16\">\n<p class=\" content-text__container \" data-track-category=\"Link no Texto\" data-track-links=\"\" data-mrf-recirculation=\"Mat\u00e9ria - Links no Texto\">As\u00a0<span class=\"highlight highlighted\">\u00e1reas atingidas pela onda de calor<\/span>, que v\u00e3o desde o Vale do Para\u00edba (SP) at\u00e9 o Leste do Piau\u00ed e o interior do Pernambuco, podem ter temperaturas entre\u00a0<span class=\"highlight highlighted\">5\u00baC e 7\u00baC acima das m\u00e9dias previstas para fevereiro<\/span>.<\/p>\n<\/div>\n<\/div>\n<div id=\"chunk-3h7kt\">\n<div class=\"mc-column content-text active-extra-styles \" data-block-type=\"unstyled\" data-block-weight=\"22\" data-block-id=\"17\">\n<p class=\" content-text__container \" data-track-category=\"Link no Texto\" data-track-links=\"\" data-mrf-recirculation=\"Mat\u00e9ria - Links no Texto\"><span class=\"highlight highlighted\">Todas as capitais do Sudeste t\u00eam chance de atingir o recorde de calor para 2025 ao longo da semana, segundo a Climatempo.<\/span><\/p>\n<\/div>\n<\/div>\n<div id=\"chunk-bqr7i\">\n<div class=\"mc-column content-text active-extra-styles \" data-block-type=\"unstyled\" data-block-weight=\"17\" data-block-id=\"18\">\n<p class=\" content-text__container \" data-track-category=\"Link no Texto\" data-track-links=\"\" data-mrf-recirculation=\"Mat\u00e9ria - Links no Texto\">At\u00e9 o momento, as capitais da regi\u00e3o t\u00eam as seguintes marcas de temperatura mais alta no ano:<\/p>\n<\/div>\n<\/div>\n<div id=\"chunk-6jj8v\">\n<div class=\"mc-column content-text active-extra-styles\" data-block-type=\"raw\" data-block-weight=\"65\" data-block-id=\"19\">\n<ul class=\"content-unordered-list\">\n<li><strong>S\u00e3o Paulo:\u00a0<\/strong>33,9\u202f\u00b0C \u2013 22\/01 \u2013 (recorde de calor para 2025 e para o ver\u00e3o 24\/25)<\/li>\n<li><strong>Rio de Janeiro:\u00a0<\/strong>38,7\u202f\u00b0C \u2013 20 e 21\/01 \u2013 (recorde de calor para 2025 e para o ver\u00e3o 24\/25)<\/li>\n<li><strong>Vit\u00f3ria<\/strong><strong>:<\/strong>\u00a036,2\u202f\u00b0C \u2013 21\/01 \u2013 (recorde de calor para 2025 e para o ver\u00e3o 24\/25)<\/li>\n<li><strong>Belo Horizonte<\/strong><strong>:\u00a0<\/strong>34,4\u202f\u00b0C \u2013 21\/01- (recorde de calor para 2025 e para o ver\u00e3o 24\/25)<\/li>\n<\/ul>\n<p>Entre quarta e quinta (13), S\u00e3o Paulo (\u00fanica capital da regi\u00e3o que n\u00e3o ser\u00e1 atingida diretamente pela onda de calor) pode chegar a temperaturas de 34\u00baC e 35\u00baC.<\/p>\n<\/div>\n<\/div>\n<div id=\"chunk-cjp16\">\n<div class=\"content-ads content-ads--reveal\" data-block-type=\"ads\" data-block-id=\"21\">No mesmo per\u00edodo, Rio de Janeiro tem chance de atingir 38\u00baC ou 39\u00baC. Em algumas \u00e1reas do estado do Rio, o calor pode chegar a 40\u00baC.<\/div>\n<\/div>\n<div id=\"chunk-8arg8\">\n<div class=\"mc-column content-text active-extra-styles \" data-block-type=\"unstyled\" data-block-weight=\"24\" data-block-id=\"23\">\n<p class=\" content-text__container \" data-track-category=\"Link no Texto\" data-track-links=\"\" data-mrf-recirculation=\"Mat\u00e9ria - Links no Texto\">J\u00e1 entre quinta e sexta (14),\u00a0Belo Horizonte\u00a0tem possiblidade de chegar a 34\u00baC ou 35\u00baC. Nesses dias,\u00a0Vit\u00f3ria\u00a0pode alcan\u00e7ar 36\u00baC ou 37\u00baC.<\/p>\n<\/div>\n<\/div>\n<div id=\"chunk-99bll\">\n<div class=\"mc-column content-text active-extra-styles\" data-block-type=\"raw\" data-block-weight=\"13\" data-block-id=\"24\">\n<p class=\"content-text__container\" data-mrf-recirculation=\"Mat\u00e9ria - Links no Texto\">Fonte: G1<\/p>\n<\/div>\n<\/div>\n<\/div>\n<\/div>\n<\/div>\n<\/div>\n","protected":false},"excerpt":{"rendered":"<p>Na v\u00e9spera de uma nova onda de calor que deve atingir boa parte do Sudeste, 10 capitais do Centro-Sul devem registrar temperaturas acima de 30\u00b0C&#8230;<\/p>\n","protected":false},"author":1527,"featured_media":57155,"comment_status":"closed","ping_status":"closed","sticky":false,"template":"","format":"standard","meta":{"footnotes":""},"categories":[6],"tags":[],"class_list":["post-57153","post","type-post","status-publish","format-standard","has-post-thumbnail","hentry","category-noticias"],"_links":{"self":[{"href":"https:\/\/www.sincomam.org.br\/index.php\/wp-json\/wp\/v2\/posts\/57153","targetHints":{"allow":["GET"]}}],"collection":[{"href":"https:\/\/www.sincomam.org.br\/index.php\/wp-json\/wp\/v2\/posts"}],"about":[{"href":"https:\/\/www.sincomam.org.br\/index.php\/wp-json\/wp\/v2\/types\/post"}],"author":[{"embeddable":true,"href":"https:\/\/www.sincomam.org.br\/index.php\/wp-json\/wp\/v2\/users\/1527"}],"replies":[{"embeddable":true,"href":"https:\/\/www.sincomam.org.br\/index.php\/wp-json\/wp\/v2\/comments?post=57153"}],"version-history":[{"count":1,"href":"https:\/\/www.sincomam.org.br\/index.php\/wp-json\/wp\/v2\/posts\/57153\/revisions"}],"predecessor-version":[{"id":57156,"href":"https:\/\/www.sincomam.org.br\/index.php\/wp-json\/wp\/v2\/posts\/57153\/revisions\/57156"}],"wp:featuredmedia":[{"embeddable":true,"href":"https:\/\/www.sincomam.org.br\/index.php\/wp-json\/wp\/v2\/media\/57155"}],"wp:attachment":[{"href":"https:\/\/www.sincomam.org.br\/index.php\/wp-json\/wp\/v2\/media?parent=57153"}],"wp:term":[{"taxonomy":"category","embeddable":true,"href":"https:\/\/www.sincomam.org.br\/index.php\/wp-json\/wp\/v2\/categories?post=57153"},{"taxonomy":"post_tag","embeddable":true,"href":"https:\/\/www.sincomam.org.br\/index.php\/wp-json\/wp\/v2\/tags?post=57153"}],"curies":[{"name":"wp","href":"https:\/\/api.w.org\/{rel}","templated":true}]}}