{"id":5715,"date":"2014-05-28T08:21:34","date_gmt":"2014-05-28T11:21:34","guid":{"rendered":"http:\/\/www.sincomam.org.br\/?p=5715"},"modified":"2014-05-27T23:07:51","modified_gmt":"2014-05-28T02:07:51","slug":"cpi-mista-da-petrobras-deve-ser-instalada-na-quarta-feira-diz-renan","status":"publish","type":"post","link":"https:\/\/www.sincomam.org.br\/index.php\/cpi-mista-da-petrobras-deve-ser-instalada-na-quarta-feira-diz-renan\/","title":{"rendered":"CPI mista da Petrobras deve ser instalada na quarta-feira, diz Renan"},"content":{"rendered":"<p>Os nomes dos integrantes da Comiss\u00e3o Parlamentar de Inqu\u00e9rito mista que investigar\u00e1 a Petrobras devem ser publicados na edi\u00e7\u00e3o de quarta-feira do Di\u00e1rio Oficial, quando j\u00e1 deve haver uma sess\u00e3o de instala\u00e7\u00e3o da CPI, afirmou nesta ter\u00e7a-feira o presidente do Congresso Nacional, senador Renan Calheiros (PMDB-AL).<\/p>\n<p>O prazo para que fossem designados senadores e deputados para compor a CPI mista acaba nesta ter\u00e7a-feira. J\u00e1 existe uma movimenta\u00e7\u00e3o, segundo Renan, para que o integrante mais velho da CPI convoque uma sess\u00e3o para as 14h da quarta-feira em que ocorrer\u00e1 a elei\u00e7\u00e3o do presidente e a escolha do relator.<\/p>\n<p>\u201cOs nomes estar\u00e3o publicados no Di\u00e1rio Oficial, conforme o rito acordado por todos, conforme os prazos\u201d, disse o presidente ao deixar o Congresso. \u201cE a partir de amanh\u00e3 (quarta-feira) \u2013 j\u00e1 h\u00e1 uma movimenta\u00e7\u00e3o &#8212; o mais idoso convoca a instala\u00e7\u00e3o definitiva da Comiss\u00e3o Parlamentar Mista de Inqu\u00e9rito\u201d, afirmou.<\/p>\n<p>Segundo o l\u00edder do PT na C\u00e2mara, o deputado Vicentinho (SP), o relator deve ser o deputado Marco Maia (PT-RS), que inclusive j\u00e1 presidiu a Casa.<\/p>\n<p>A CPI mista foi proposta pela oposi\u00e7\u00e3o para investigar den\u00fancias contra a Petrobras, da mesma forma em que foi proposta \u2013 e j\u00e1 instalada \u2013 uma CPI semelhante no Senado para apurar suspeitas de irregularidades envolvendo a estatal.<\/p>\n<p>Qualquer CPI que venha a ser criada precisa ser proporcional \u00e0 conforma\u00e7\u00e3o das bancadas no Congresso Nacional, raz\u00e3o pela qual o governo, detentor das maiores bancadas nas duas Casas, exerce dom\u00ednio num\u00e9rico sobre as comiss\u00f5es.<\/p>\n<p>Entre as den\u00fancias que s\u00e3o objetos das CPIs est\u00e1 a compra da refinaria de Pasadena, nos Estados Unidos, alvo de controv\u00e9rsias por conta do valor desembolsado pela estatal. A compra foi aprovada pelo Conselho de Administra\u00e7\u00e3o da Petrobras, \u00e0 \u00e9poca presidido pela ent\u00e3o ministra Dilma Rousseff.<\/p>\n<p>H\u00e1 ainda a suspeita de suposto pagamento de propina a funcion\u00e1rios da Petrobras por uma empresa holandesa.<\/p>\n<p>Tramita ainda outro pedido de cria\u00e7\u00e3o de uma CPI mista, desta vez proposta por governistas, para investigar um suposto cartel de empresas de trens e metr\u00f4s em S\u00e3o Paulo e no Distrito Federal, que pode ter efeitos negativos sobre pol\u00edticos do PSDB.<\/p>\n<p>Fonte: Reuters \/ Reportagem de Maria Carolina Marcello<\/p>\n","protected":false},"excerpt":{"rendered":"<p>Os nomes dos integrantes da Comiss\u00e3o Parlamentar de Inqu\u00e9rito mista que investigar\u00e1 a Petrobras devem ser publicados na edi\u00e7\u00e3o de quarta-feira do Di\u00e1rio Oficial, quando&#8230;<\/p>\n","protected":false},"author":1182,"featured_media":5717,"comment_status":"closed","ping_status":"closed","sticky":false,"template":"","format":"standard","meta":{"footnotes":""},"categories":[6],"tags":[],"class_list":["post-5715","post","type-post","status-publish","format-standard","has-post-thumbnail","hentry","category-noticias"],"_links":{"self":[{"href":"https:\/\/www.sincomam.org.br\/index.php\/wp-json\/wp\/v2\/posts\/5715","targetHints":{"allow":["GET"]}}],"collection":[{"href":"https:\/\/www.sincomam.org.br\/index.php\/wp-json\/wp\/v2\/posts"}],"about":[{"href":"https:\/\/www.sincomam.org.br\/index.php\/wp-json\/wp\/v2\/types\/post"}],"author":[{"embeddable":true,"href":"https:\/\/www.sincomam.org.br\/index.php\/wp-json\/wp\/v2\/users\/1182"}],"replies":[{"embeddable":true,"href":"https:\/\/www.sincomam.org.br\/index.php\/wp-json\/wp\/v2\/comments?post=5715"}],"version-history":[{"count":1,"href":"https:\/\/www.sincomam.org.br\/index.php\/wp-json\/wp\/v2\/posts\/5715\/revisions"}],"predecessor-version":[{"id":5718,"href":"https:\/\/www.sincomam.org.br\/index.php\/wp-json\/wp\/v2\/posts\/5715\/revisions\/5718"}],"wp:featuredmedia":[{"embeddable":true,"href":"https:\/\/www.sincomam.org.br\/index.php\/wp-json\/wp\/v2\/media\/5717"}],"wp:attachment":[{"href":"https:\/\/www.sincomam.org.br\/index.php\/wp-json\/wp\/v2\/media?parent=5715"}],"wp:term":[{"taxonomy":"category","embeddable":true,"href":"https:\/\/www.sincomam.org.br\/index.php\/wp-json\/wp\/v2\/categories?post=5715"},{"taxonomy":"post_tag","embeddable":true,"href":"https:\/\/www.sincomam.org.br\/index.php\/wp-json\/wp\/v2\/tags?post=5715"}],"curies":[{"name":"wp","href":"https:\/\/api.w.org\/{rel}","templated":true}]}}