{"id":57134,"date":"2025-02-11T07:59:48","date_gmt":"2025-02-11T10:59:48","guid":{"rendered":"http:\/\/www.sincomam.org.br\/?p=57134"},"modified":"2025-02-11T07:59:48","modified_gmt":"2025-02-11T10:59:48","slug":"mpor-promove-palestra-sobre-prevencao-ao-assedio-no-ambiente-de-trabalho","status":"publish","type":"post","link":"https:\/\/www.sincomam.org.br\/index.php\/mpor-promove-palestra-sobre-prevencao-ao-assedio-no-ambiente-de-trabalho\/","title":{"rendered":"MPor promove palestra sobre preven\u00e7\u00e3o ao ass\u00e9dio no ambiente de trabalho"},"content":{"rendered":"<p>O Minist\u00e9rio de Portos e Aeroportos (MPor) realizou, na \u00faltima sexta-feira (7), a palestra \u201cAss\u00e9dio: conhecer para prevenir\u201d, promovida pela Coordena\u00e7\u00e3o-Geral de Gest\u00e3o de Pessoas (CGGP). O evento marcou o in\u00edcio de uma s\u00e9rie de a\u00e7\u00f5es voltadas \u00e0 melhoria do ambiente organizacional e \u00e0 promo\u00e7\u00e3o de uma cultura de respeito e \u00e9tica no local de trabalho. Especialistas abordaram conceitos de ass\u00e9dio, diferenciando ass\u00e9dio moral e sexual, e destacaram a import\u00e2ncia da preven\u00e7\u00e3o e do enfrentamento dessas pr\u00e1ticas. A corregedora do MPor, Vl\u00e1dia Silva, enfatizou que falar sobre ass\u00e9dio regula comportamentos e fortalece rela\u00e7\u00f5es profissionais mais saud\u00e1veis, enquanto a ouvidora Ma\u00edra Cervi Nascimento destacou iniciativas do Minist\u00e9rio para conscientiza\u00e7\u00e3o e implementa\u00e7\u00e3o da comunica\u00e7\u00e3o n\u00e3o violenta.<\/p>\n<p>Entre as pr\u00f3ximas a\u00e7\u00f5es est\u00e3o a produ\u00e7\u00e3o de cartilhas sobre temas como combate ao racismo, etarismo e LGBTFobia, al\u00e9m de pesquisas para avaliar a percep\u00e7\u00e3o dos servidores sobre o trabalho das inst\u00e2ncias de controle. A assistente administrativa Kalita de Souza relatou que a palestra aprimorou seu entendimento sobre ass\u00e9dio e comportamento no ambiente profissional.<\/p>\n<p>O evento contou com a presen\u00e7a de representantes do MPor, da Controladoria-Geral da Uni\u00e3o (CGU) e da Ag\u00eancia Nacional de Transportes Aquavi\u00e1rios (Antaq). A iniciativa refor\u00e7a o compromisso do Minist\u00e9rio com a cria\u00e7\u00e3o de um ambiente de trabalho seguro e respeitoso, alinhado \u00e0s diretrizes da Conven\u00e7\u00e3o 190 da OIT, que define viol\u00eancia e ass\u00e9dio no mundo do trabalho como pr\u00e1ticas inaceit\u00e1veis que causam danos f\u00edsicos, psicol\u00f3gicos, sexuais ou econ\u00f4micos.<\/p>\n<p>Fonte: Portos e Navios<\/p>\n","protected":false},"excerpt":{"rendered":"<p>O Minist\u00e9rio de Portos e Aeroportos (MPor) realizou, na \u00faltima sexta-feira (7), a palestra \u201cAss\u00e9dio: conhecer para prevenir\u201d, promovida pela Coordena\u00e7\u00e3o-Geral de Gest\u00e3o de Pessoas&#8230;<\/p>\n","protected":false},"author":1527,"featured_media":57136,"comment_status":"closed","ping_status":"closed","sticky":false,"template":"","format":"standard","meta":{"footnotes":""},"categories":[6],"tags":[],"class_list":["post-57134","post","type-post","status-publish","format-standard","has-post-thumbnail","hentry","category-noticias"],"_links":{"self":[{"href":"https:\/\/www.sincomam.org.br\/index.php\/wp-json\/wp\/v2\/posts\/57134","targetHints":{"allow":["GET"]}}],"collection":[{"href":"https:\/\/www.sincomam.org.br\/index.php\/wp-json\/wp\/v2\/posts"}],"about":[{"href":"https:\/\/www.sincomam.org.br\/index.php\/wp-json\/wp\/v2\/types\/post"}],"author":[{"embeddable":true,"href":"https:\/\/www.sincomam.org.br\/index.php\/wp-json\/wp\/v2\/users\/1527"}],"replies":[{"embeddable":true,"href":"https:\/\/www.sincomam.org.br\/index.php\/wp-json\/wp\/v2\/comments?post=57134"}],"version-history":[{"count":1,"href":"https:\/\/www.sincomam.org.br\/index.php\/wp-json\/wp\/v2\/posts\/57134\/revisions"}],"predecessor-version":[{"id":57137,"href":"https:\/\/www.sincomam.org.br\/index.php\/wp-json\/wp\/v2\/posts\/57134\/revisions\/57137"}],"wp:featuredmedia":[{"embeddable":true,"href":"https:\/\/www.sincomam.org.br\/index.php\/wp-json\/wp\/v2\/media\/57136"}],"wp:attachment":[{"href":"https:\/\/www.sincomam.org.br\/index.php\/wp-json\/wp\/v2\/media?parent=57134"}],"wp:term":[{"taxonomy":"category","embeddable":true,"href":"https:\/\/www.sincomam.org.br\/index.php\/wp-json\/wp\/v2\/categories?post=57134"},{"taxonomy":"post_tag","embeddable":true,"href":"https:\/\/www.sincomam.org.br\/index.php\/wp-json\/wp\/v2\/tags?post=57134"}],"curies":[{"name":"wp","href":"https:\/\/api.w.org\/{rel}","templated":true}]}}