{"id":57122,"date":"2025-02-10T10:18:07","date_gmt":"2025-02-10T13:18:07","guid":{"rendered":"http:\/\/www.sincomam.org.br\/?p=57122"},"modified":"2025-02-10T10:18:07","modified_gmt":"2025-02-10T13:18:07","slug":"marinha-impulsiona-ensino-profissional-maritimo-na-amazonia","status":"publish","type":"post","link":"https:\/\/www.sincomam.org.br\/index.php\/marinha-impulsiona-ensino-profissional-maritimo-na-amazonia\/","title":{"rendered":"Marinha impulsiona Ensino Profissional Mar\u00edtimo na Amaz\u00f4nia"},"content":{"rendered":"<p class=\"text-align-justify\">A Amaz\u00f4nia \u00e9 uma regi\u00e3o do Brasil que imp\u00f5e diversos desafios log\u00edsticos por conta de sua imensid\u00e3o, de sua densa floresta e do baixo n\u00famero de estradas. Historicamente, a popula\u00e7\u00e3o que vive nessa parte do Brasil utiliza as embarca\u00e7\u00f5es como principal meio de transporte intermunicipal e interestadual, o que gera um intenso tr\u00e1fego aquavi\u00e1rio nos diversos rios que cortam a regi\u00e3o.<\/p>\n<p class=\"text-align-justify\">Diante deste cen\u00e1rio, a Marinha do Brasil (MB) tem impulsionado o Ensino Profissional Mar\u00edtimo na regi\u00e3o, com intuito de qualificar cada vez mais aquavi\u00e1rios para o mercado de trabalho e contribuir com a seguran\u00e7a da navega\u00e7\u00e3o.<\/p>\n<p class=\"text-align-justify\">Na Amaz\u00f4nia Ocidental, que engloba os estados do Acre, Amazonas, Rond\u00f4nia e Roraima, o Comando do 9\u00ba Distrito Naval (Com9\u00baDN) vem ampliando a oferta de diversos cursos. Em 2024, 4.173 aquavi\u00e1rios foram formados na regi\u00e3o.<\/p>\n<p class=\"text-align-justify\">Na \u00e1rea de jurisdi\u00e7\u00e3o do Com9\u00baDN, os cursos s\u00e3o coordenados pela Capitania Fluvial da Amaz\u00f4nia Ocidental (CFAOC), Capitania Fluvial de Tabatinga (CFT) e Capitania Fluvial de Porto Velho (CFPV). Essas Organiza\u00e7\u00f5es Militares (OM) executam o Ensino Profissional Mar\u00edtimo n\u00e3o apenas nas grandes metr\u00f3poles, mas tamb\u00e9m em cidades do interior, por meio das Ag\u00eancias Fluviais e a\u00e7\u00f5es itinerantes. Em Manaus, os cursos s\u00e3o ministrados no Centro T\u00e9cnico de Forma\u00e7\u00e3o de Fluvi\u00e1rios da Amaz\u00f4nia Ocidental (CTFFAO).<\/p>\n<p class=\"text-align-justify\">\u201cEu vejo uma situa\u00e7\u00e3o bem diferente com essas grandes oportunidades que a Marinha vem dando para os aquavi\u00e1rios se formarem e a quantidade de novos aquavi\u00e1rios formados tamb\u00e9m est\u00e1 crescendo muito. Isso, para n\u00f3s, \u00e9 um avan\u00e7o na Marinha Mercante. Estamos tendo a oportunidade de avan\u00e7ar e isso \u00e9 muito importante para nossa carreira\u201d, conta o aquavi\u00e1rio Wildeson Oliveira Mar, que atua na Marinha Mercante desde 1992 e est\u00e1 concluindo o curso de acesso \u00e0 categoria de Supervisor Maquinista &#8211; Motorista Fluvial (SUF), no CTFFAO, em Manaus (AM).<\/p>\n<h5 class=\"text-align-justify\">Habilidades aprimoradas<\/h5>\n<p class=\"text-align-justify\">Segundo o Capit\u00e3o dos Portos da Amaz\u00f4nia Ocidental, Capit\u00e3o de Mar e Guerra Andr\u00e9 Carvalhaes, no ano de 2024, a CFAOC bateu recorde de cursos ofertados, com mais de 2,1 mil alunos formados, em mais de 70 turmas.<\/p>\n<p class=\"text-align-justify\">\u201cEm 2025, estamos com projetos de levar os cursos para munic\u00edpios e comunidades que nunca receberam nossas equipes. J\u00e1 estamos com um edital aberto para o processo seletivo com 300 vagas do Ensino Profissional Mar\u00edtimo para Manaus e outras cidades do Amazonas, e estamos facilitando o processo de inscri\u00e7\u00e3o, que pode ser feito por e-mail ou presencial\u201d, afirma o Comandante Carvalhaes. O edital pode ser conferido no site da CFAOC.<\/p>\n<p class=\"text-align-justify\">H\u00e1 cursos voltados para o acesso \u00e0s categorias de Marinheiro Fluvial, Contramestre, Mestre e Capit\u00e3o Fluvial, al\u00e9m de cursos especiais, de adapta\u00e7\u00e3o e o Curso Especial para Tripula\u00e7\u00e3o de Embarca\u00e7\u00f5es de Estado no Servi\u00e7o P\u00fablico (ETSP).<\/p>\n<p class=\"text-align-justify\">O Comandante Carvalhaes destaca que a economia em torno da navega\u00e7\u00e3o na Regi\u00e3o Amaz\u00f4nica \u00e9 muito forte e a capacita\u00e7\u00e3o ofertada pela Marinha permite aumentar a disponibilidade de aquavi\u00e1rios de alto n\u00edvel no mercado de trabalho. Com suas habilidades aprimoradas, eles est\u00e3o aptos para contribuir para a seguran\u00e7a da navega\u00e7\u00e3o e efici\u00eancia das opera\u00e7\u00f5es fluviais.<\/p>\n<p class=\"text-align-justify\">\u201cA Marinha est\u00e1 atenta \u00e0s necessidades do Ensino Profissional Mar\u00edtimo na nossa regi\u00e3o, inclusive no quesito inova\u00e7\u00e3o. As empresas est\u00e3o cada vez mais modernas e nossas instala\u00e7\u00f5es tamb\u00e9m v\u00eam acompanhando isso. Em Manaus, por exemplo, temos um simulador que proporciona uma imers\u00e3o realista e interativa no passadi\u00e7o de um navio\u201d, ressalta. \u201cEstamos entregando profissionais bem formados, atentos \u00e0 seguran\u00e7a, atentos \u00e0s suas responsabilidades e que, com certeza, contribuir\u00e3o no crescimento da economia da regi\u00e3o.\u201d<\/p>\n<h5 class=\"text-align-justify\">Rio Madeira<\/h5>\n<p class=\"text-align-justify\">A Capitania Fluvial de Porto Velho (CFPV) impulsiona o Ensino Profissional Mar\u00edtimo no estado de Rond\u00f4nia e em alguns munic\u00edpios do Acre e Amazonas, onde possui Ag\u00eancias Fluviais subordinadas. A regi\u00e3o tamb\u00e9m \u00e9 considerada estrat\u00e9gica por conta da import\u00e2ncia que a navega\u00e7\u00e3o no Rio Madeira representa para a economia da regi\u00e3o amaz\u00f4nica.<\/p>\n<p class=\"text-align-justify\">\u201cO aumento do atendimento \u00e0s comunidades, no que se refere \u00e0 execu\u00e7\u00e3o dos cursos, \u00e9 de grande import\u00e2ncia para a seguran\u00e7a da navega\u00e7\u00e3o e qualifica\u00e7\u00e3o profissional desses cidad\u00e3os. Com essa qualifica\u00e7\u00e3o, a Marinha proporciona uma eleva\u00e7\u00e3o na condi\u00e7\u00e3o socioecon\u00f4mica dessas pessoas e multiplica a informa\u00e7\u00e3o da seguran\u00e7a da navega\u00e7\u00e3o\u201d, explica o Capit\u00e3o dos Portos de Porto Velho, Capit\u00e3o de Fragata Matheus de Athaides Firmino.<\/p>\n<p class=\"text-align-justify\">Em 2024, 966 aquavi\u00e1rios foram formados e 784 servidores p\u00fablicos qualificados pela CFPV e suas ag\u00eancias subordinadas, totalizando 1.750 alunos capacitados pelos cursos de Ensino Profissional Mar\u00edtimo, o que corresponde a um aumento de 22% no n\u00famero de alunos formados em compara\u00e7\u00e3o com o ano anterior. Para 2025, a previs\u00e3o \u00e9 de aumentar em 33% a mais de cursos no Programa do Ensino Profissional Mar\u00edtimo para Aquavi\u00e1rios.<\/p>\n<p class=\"text-align-justify\">\u201cUm dos desafios enfrentados est\u00e1 relacionado \u00e0s dist\u00e2ncias das localidades e o dif\u00edcil acesso a elas. Nessas comunidades, ainda h\u00e1 problemas como a dificuldade das popula\u00e7\u00f5es mais vulner\u00e1veis apresentarem a documenta\u00e7\u00e3o completa exigida para a inscri\u00e7\u00e3o nos cursos. Apesar desses desafios, os cursos executados foram ministrados com qualidade, disponibilizando material instrucional, com instrutores experientes e qualificados\u201d, relata o Comandante Matheus.<\/p>\n<h5 class=\"text-align-justify\">Alto Solim\u00f5es<\/h5>\n<p class=\"text-align-justify\">Na regi\u00e3o do Alto Solim\u00f5es, no Amazonas, onde fica localizada a Tr\u00edplice Fronteira entre Brasil, Col\u00f4mbia e Peru, as a\u00e7\u00f5es do Ensino Profissional Mar\u00edtimo s\u00e3o desenvolvidas por meio da Capitania Fluvial de Tabatinga (CFT). No ano passado, 323 aquavi\u00e1rios foram formados na \u00e1rea.<\/p>\n<p class=\"text-align-justify\">\u201cRefor\u00e7amos o empenho da CFT em buscar otimizar os recursos de pessoal e material, al\u00e9m de estudar novas oportunidades que possam incrementar o Ensino Profissional Mar\u00edtimo na regi\u00e3o do Alto Solim\u00f5es. Para 2025, temos a expectativa de realizar 16 cursos, formando em torno de 440 novos aquavi\u00e1rios. Estamos em contato com os \u00f3rg\u00e3os federais e municipais visando buscar parcerias de forma que haja a possibilidade de ampliar esses n\u00fameros\u201d, destaca o Capit\u00e3o dos Portos de Tabatinga, Capit\u00e3o de Fragata Santos Soares.<\/p>\n<p class=\"text-align-justify\">O Capit\u00e3o dos Portos explica que existem dificuldades log\u00edsticas pelo fato de a \u00e1rea de jurisdi\u00e7\u00e3o ser muito grande. \u201cEsses fatores s\u00e3o mitigados com o apoio e parcerias das institui\u00e7\u00f5es p\u00fablicas e civis locais e dos Soamarinos, que admiram e valorizam o trabalho que a Marinha realiza em suas comunidades.\u201d<\/p>\n<p>Fonte: Ag\u00eancia Marinha de Not\u00edcias<\/p>\n","protected":false},"excerpt":{"rendered":"<p>A Amaz\u00f4nia \u00e9 uma regi\u00e3o do Brasil que imp\u00f5e diversos desafios log\u00edsticos por conta de sua imensid\u00e3o, de sua densa floresta e do baixo n\u00famero&#8230;<\/p>\n","protected":false},"author":1527,"featured_media":57124,"comment_status":"closed","ping_status":"closed","sticky":false,"template":"","format":"standard","meta":{"footnotes":""},"categories":[6],"tags":[],"class_list":["post-57122","post","type-post","status-publish","format-standard","has-post-thumbnail","hentry","category-noticias"],"_links":{"self":[{"href":"https:\/\/www.sincomam.org.br\/index.php\/wp-json\/wp\/v2\/posts\/57122","targetHints":{"allow":["GET"]}}],"collection":[{"href":"https:\/\/www.sincomam.org.br\/index.php\/wp-json\/wp\/v2\/posts"}],"about":[{"href":"https:\/\/www.sincomam.org.br\/index.php\/wp-json\/wp\/v2\/types\/post"}],"author":[{"embeddable":true,"href":"https:\/\/www.sincomam.org.br\/index.php\/wp-json\/wp\/v2\/users\/1527"}],"replies":[{"embeddable":true,"href":"https:\/\/www.sincomam.org.br\/index.php\/wp-json\/wp\/v2\/comments?post=57122"}],"version-history":[{"count":1,"href":"https:\/\/www.sincomam.org.br\/index.php\/wp-json\/wp\/v2\/posts\/57122\/revisions"}],"predecessor-version":[{"id":57125,"href":"https:\/\/www.sincomam.org.br\/index.php\/wp-json\/wp\/v2\/posts\/57122\/revisions\/57125"}],"wp:featuredmedia":[{"embeddable":true,"href":"https:\/\/www.sincomam.org.br\/index.php\/wp-json\/wp\/v2\/media\/57124"}],"wp:attachment":[{"href":"https:\/\/www.sincomam.org.br\/index.php\/wp-json\/wp\/v2\/media?parent=57122"}],"wp:term":[{"taxonomy":"category","embeddable":true,"href":"https:\/\/www.sincomam.org.br\/index.php\/wp-json\/wp\/v2\/categories?post=57122"},{"taxonomy":"post_tag","embeddable":true,"href":"https:\/\/www.sincomam.org.br\/index.php\/wp-json\/wp\/v2\/tags?post=57122"}],"curies":[{"name":"wp","href":"https:\/\/api.w.org\/{rel}","templated":true}]}}