{"id":57118,"date":"2025-02-10T10:15:03","date_gmt":"2025-02-10T13:15:03","guid":{"rendered":"http:\/\/www.sincomam.org.br\/?p=57118"},"modified":"2025-02-10T10:15:03","modified_gmt":"2025-02-10T13:15:03","slug":"as-emissoes-de-gases-de-efeito-estufa-no-setor-aquaviario-cairam-768-nos-ultimos-anos","status":"publish","type":"post","link":"https:\/\/www.sincomam.org.br\/index.php\/as-emissoes-de-gases-de-efeito-estufa-no-setor-aquaviario-cairam-768-nos-ultimos-anos\/","title":{"rendered":"As emiss\u00f5es de gases de efeito estufa no setor aquavi\u00e1rio ca\u00edram 7,68% nos \u00faltimos anos"},"content":{"rendered":"<p dir=\"ltr\">\u00a0O total de emiss\u00f5es de carbono diminuiu 7,68% entre 2021 e 2023 na cabotagem e na navega\u00e7\u00e3o interior, segundo aponta o 1\u00ba Invent\u00e1rio de Gases de Efeito Estufa do Setor Aquavi\u00e1rio.<\/p>\n<p dir=\"ltr\">O painel foi elaborado pela Ag\u00eancia Nacional de Transportes Aquavi\u00e1rios (ANTAQ) e lan\u00e7ado oficialmente nesta quarta-feira (5). Os dados est\u00e3o dispon\u00edveis para consulta\u00a0<a href=\"https:\/\/app.powerbi.com\/view?r=eyJrIjoiN2IxZmI5OGItOTdmNi00OTA0LWI2OWMtZTk3ZmFiZTZiOTE5IiwidCI6IjZkNmJjYzNmLWJkYTEtNGY1NC1hZjFkLTg2ZDRiN2Q0ZTZiOCJ9\">neste link<\/a>\u00a0e mais informa\u00e7\u00f5es est\u00e3o dispon\u00edveis\u00a0<a href=\"https:\/\/www.gov.br\/antaq\/pt-br\/assuntos\/sustentabilidade\/inventario-gee\/inventario-de-gases-de-efeito-estufa-gee-do-setor-aquaviario\">aqui<\/a>.<\/p>\n<p dir=\"ltr\">Durante o evento de lan\u00e7amento, o diretor-geral da ANTAQ, Eduardo Nery destacou a import\u00e2ncia desse projeto que \u00e9 o primeiro invent\u00e1rio setorial aquavi\u00e1rio do mundo e refor\u00e7ou que \u201cpara sabermos se estamos avan\u00e7ando na pauta de transi\u00e7\u00e3o energ\u00e9tica, a primeira coisa \u00e9 entender quanto n\u00f3s emitimos. Esse \u00e9 o prop\u00f3sito do invent\u00e1rio\u201d.<\/p>\n<p dir=\"ltr\">Ele afirmou ainda que \u201ca ANTAQ sempre teve uma atua\u00e7\u00e3o pioneira quanto ao tema da sustentabilidade. A Ag\u00eancia foi a primeira a desenvolver o \u00cdndice de Desempenho Ambiental do setor de transportes, tamb\u00e9m somos uma das pioneiras na forma\u00e7\u00e3o de uma Agenda Ambiental e sempre promovemos estudos buscando a descaboniza\u00e7\u00e3o e outros temas relacionados \u00e0 sustentabilidade\u201d.<\/p>\n<p dir=\"ltr\">A cerim\u00f4nia de lan\u00e7amento do invent\u00e1rio, que aconteceu na sede da ANTAQ, em Bras\u00edlia, contou com a presen\u00e7a de toda a diretoria colegiada da Ag\u00eancia; da secret\u00e1ria-executiva do Minist\u00e9rio de Portos e Aeroportos, Mariana Pescatori; do presidente da Confedera\u00e7\u00e3o Nacional dos Transportes (CNT), Vander Costa; do presidente do IBAMA, Rodrigo Agostinho; e de diversas autoridades do setor aquavi\u00e1rio.<\/p>\n<p dir=\"ltr\"><strong>Menos emiss\u00f5es<\/strong><\/p>\n<p dir=\"ltr\">Em 2021, os tipos de navega\u00e7\u00f5es apresentaram emiss\u00f5es de carbono que equivalem a 2,99 milh\u00f5es de toneladas e esse valor chegou a 2,76 milh\u00f5es de toneladas de carbono em 2023.<\/p>\n<p dir=\"ltr\">Apesar das emiss\u00f5es ca\u00edrem nesses \u00faltimos anos, o invent\u00e1rio setorial mostra que a carga transportada por esses dois tipos de navega\u00e7\u00e3o aumentou durante o per\u00edodo. A cabotagem teve um acr\u00e9scimo de 4,1% e a navega\u00e7\u00e3o interior apresentou alta de 14,4% no transporte de cargas.<\/p>\n<p dir=\"ltr\">A principal raz\u00e3o para redu\u00e7\u00e3o nas emiss\u00f5es de carbono, apesar do volume transportado ter sido maior, decorreu principalmente de uma mudan\u00e7a na pol\u00edtica de utiliza\u00e7\u00e3o de combust\u00edveis de melhor qualidade que emite menos carbono e da redu\u00e7\u00e3o da quantidade do teor de bunker existente na mistura.<\/p>\n<p dir=\"ltr\">O invent\u00e1rio setorial, faz o levantamento, al\u00e9m do di\u00f3xido de carbono, de outros gases de efeito estufa, como, o\u00a0\u00f3xido nitroso e o metano. O projeto \u00e9 um marco importante para o desenvolvimento sustent\u00e1vel do transporte mar\u00edtimo e fluvial no Brasil.<\/p>\n<p dir=\"ltr\"><strong>Expans\u00e3o futura<\/strong><\/p>\n<p dir=\"ltr\">Nesse primeiro momento, o foco \u00e9 mensurar as emiss\u00f5es de gases de efeito estufa na cabotagem e na navega\u00e7\u00e3o interior. No entanto, o objetivo \u00e9 expandir essa medi\u00e7\u00e3o para todo o setor aquavi\u00e1rio, incluindo embarca\u00e7\u00f5es de maior porte e instala\u00e7\u00f5es portu\u00e1rias.<\/p>\n<p dir=\"ltr\">O invent\u00e1rio vai permitir uma vis\u00e3o precisa sobre as emiss\u00f5es de gases de efeito estufa pelas embarca\u00e7\u00f5es em opera\u00e7\u00e3o, criando uma base s\u00f3lida que vai fomentar a implementa\u00e7\u00e3o de a\u00e7\u00f5es concretas rumo \u00e0 descarboniza\u00e7\u00e3o.<\/p>\n<p dir=\"ltr\">Este \u00e9 um marco importante para o desenvolvimento sustent\u00e1vel do transporte mar\u00edtimo e fluvial no Brasil. O invent\u00e1rio setorial \u00e9 o primeiro passo de um esfor\u00e7o cont\u00ednuo para mapear, quantificar e mitigar as emiss\u00f5es de gases de efeito estufa provenientes das opera\u00e7\u00f5es aquavi\u00e1rias.<\/p>\n<p dir=\"ltr\">A superintendente de ESG e Inova\u00e7\u00e3o, Cristina Castro, explicou que \u201co invent\u00e1rio setorial se divide em tr\u00eas frentes. Na primeira n\u00f3s olhamos para as emiss\u00f5es diretas do porto; na segunda vemos as emiss\u00f5es indiretas, que s\u00e3o os arrendat\u00e1rios, os fornecedores e os navios; e a terceira frente diz respeito \u00e0s emiss\u00f5es de eletricidade do porto\u201d.<\/p>\n<p dir=\"ltr\"><strong>Acordos firmados\u00a0<\/strong><\/p>\n<p dir=\"ltr\">Durante a cerim\u00f4nia, a ANTAQ assinou um Acordo de Coopera\u00e7\u00e3o T\u00e9cnica (ACT) e tr\u00eas protocolos de inten\u00e7\u00f5es. A parceria com a Eletrobras visa avaliar e propor solu\u00e7\u00f5es em energia renov\u00e1vel para portos p\u00fablicos e privados.<\/p>\n<p dir=\"ltr\">O ACT com a Confedera\u00e7\u00e3o Nacional do Transporte (CNT) e o protocolo de inten\u00e7\u00f5es com a Confedera\u00e7\u00e3o Nacional da Ind\u00fastria (CNI) tratam do desenvolvimento das pr\u00f3ximas fases do invent\u00e1rio setorial.<\/p>\n<p dir=\"ltr\">Por sua vez, o protocolo de inten\u00e7\u00f5es com a Associa\u00e7\u00e3o Brasileira de Normas T\u00e9cnicas (ABNT) \u00e9 um compromisso firmado entre as institui\u00e7\u00f5es para o desenvolvimento de normatiza\u00e7\u00e3o visando a adapta\u00e7\u00e3o e mitiga\u00e7\u00e3o da mudan\u00e7a do clima e descarboniza\u00e7\u00e3o dos portos, instala\u00e7\u00f5es e terminais portu\u00e1rios no Brasil.<\/p>\n<p dir=\"ltr\"><strong>Guia de descarboniza\u00e7\u00e3o<\/strong><\/p>\n<p dir=\"ltr\">Como complemento ao invent\u00e1rio setorial, foi desenvolvido o\u00a0<a href=\"https:\/\/www.gov.br\/antaq\/pt-br\/assuntos\/sustentabilidade\/inventario-gee\/descarbonizacao-aquaviario-conceitos-praticas-e-futuro-sustentavel_.pdf\">Guia de Descarboniza\u00e7\u00e3o do Setor Aquavi\u00e1rio: Conceitos e Futuro Sustent\u00e1vel<\/a>. O documento tem como intuito nivelar o conhecimento de todos os entes envolvidos no setor aquavi\u00e1rio sobre os conceitos fundamentais da descarboniza\u00e7\u00e3o e as a\u00e7\u00f5es necess\u00e1rias para promover um modelo de baixo carbono.<\/p>\n<p dir=\"ltr\">O guia est\u00e1 alinhado \u00e0s diretrizes da Organiza\u00e7\u00e3o Mar\u00edtima Internacional (IMO) e aos compromissos globais e nacionais em torno do desenvolvimento sustent\u00e1vel e da redu\u00e7\u00e3o das emiss\u00f5es de gases de efeito estufa.<\/p>\n<p dir=\"ltr\">Fonte: Antaq<\/p>\n","protected":false},"excerpt":{"rendered":"<p>\u00a0O total de emiss\u00f5es de carbono diminuiu 7,68% entre 2021 e 2023 na cabotagem e na navega\u00e7\u00e3o interior, segundo aponta o 1\u00ba Invent\u00e1rio de Gases&#8230;<\/p>\n","protected":false},"author":1527,"featured_media":57120,"comment_status":"closed","ping_status":"closed","sticky":false,"template":"","format":"standard","meta":{"footnotes":""},"categories":[6],"tags":[],"class_list":["post-57118","post","type-post","status-publish","format-standard","has-post-thumbnail","hentry","category-noticias"],"_links":{"self":[{"href":"https:\/\/www.sincomam.org.br\/index.php\/wp-json\/wp\/v2\/posts\/57118","targetHints":{"allow":["GET"]}}],"collection":[{"href":"https:\/\/www.sincomam.org.br\/index.php\/wp-json\/wp\/v2\/posts"}],"about":[{"href":"https:\/\/www.sincomam.org.br\/index.php\/wp-json\/wp\/v2\/types\/post"}],"author":[{"embeddable":true,"href":"https:\/\/www.sincomam.org.br\/index.php\/wp-json\/wp\/v2\/users\/1527"}],"replies":[{"embeddable":true,"href":"https:\/\/www.sincomam.org.br\/index.php\/wp-json\/wp\/v2\/comments?post=57118"}],"version-history":[{"count":1,"href":"https:\/\/www.sincomam.org.br\/index.php\/wp-json\/wp\/v2\/posts\/57118\/revisions"}],"predecessor-version":[{"id":57121,"href":"https:\/\/www.sincomam.org.br\/index.php\/wp-json\/wp\/v2\/posts\/57118\/revisions\/57121"}],"wp:featuredmedia":[{"embeddable":true,"href":"https:\/\/www.sincomam.org.br\/index.php\/wp-json\/wp\/v2\/media\/57120"}],"wp:attachment":[{"href":"https:\/\/www.sincomam.org.br\/index.php\/wp-json\/wp\/v2\/media?parent=57118"}],"wp:term":[{"taxonomy":"category","embeddable":true,"href":"https:\/\/www.sincomam.org.br\/index.php\/wp-json\/wp\/v2\/categories?post=57118"},{"taxonomy":"post_tag","embeddable":true,"href":"https:\/\/www.sincomam.org.br\/index.php\/wp-json\/wp\/v2\/tags?post=57118"}],"curies":[{"name":"wp","href":"https:\/\/api.w.org\/{rel}","templated":true}]}}