{"id":57081,"date":"2025-02-07T08:25:28","date_gmt":"2025-02-07T11:25:28","guid":{"rendered":"http:\/\/www.sincomam.org.br\/?p=57081"},"modified":"2025-02-07T13:46:20","modified_gmt":"2025-02-07T16:46:20","slug":"porto-de-itajai-mantera-operacao-de-carga-durante-atracacao-de-cruzeiros","status":"publish","type":"post","link":"https:\/\/www.sincomam.org.br\/index.php\/porto-de-itajai-mantera-operacao-de-carga-durante-atracacao-de-cruzeiros\/","title":{"rendered":"Porto de Itaja\u00ed manter\u00e1 opera\u00e7\u00e3o de carga durante atraca\u00e7\u00e3o de cruzeiros"},"content":{"rendered":"<p>A Autoridade Portu\u00e1ria de Santos (APS) anunciou uma medida que permitir\u00e1 a continuidade da opera\u00e7\u00e3o de carga geral no Porto de Itaja\u00ed (SC) mesmo durante a atraca\u00e7\u00e3o de navios de cruzeiro. At\u00e9 ent\u00e3o, as atividades eram interrompidas enquanto os cruzeiros estavam no porto, impactando a movimenta\u00e7\u00e3o de mercadorias. Com a mudan\u00e7a, a movimenta\u00e7\u00e3o terrestre de cargas no cais p\u00fablico poder\u00e1 ocorrer simultaneamente \u00e0 presen\u00e7a dos navios de turismo.<\/p>\n<p>O diretor de opera\u00e7\u00f5es da APS, Beto Mendes, destacou que os ajustes feitos garantir\u00e3o mais efici\u00eancia na log\u00edstica portu\u00e1ria. J\u00e1 o presidente da APS, Anderson Pomini, ressaltou que a medida fortalece a economia local e a rela\u00e7\u00e3o porto-cidade, permitindo que as cargas estejam prontas para embarque assim que os navios desatracarem.<\/p>\n<p>Al\u00e9m disso, a APS anunciou o in\u00edcio de uma campanha de dragagem, que deve durar cerca de 10 dias, para restaurar o calado operacional do Porto de Itaja\u00ed. O servi\u00e7o vai abranger o canal de navega\u00e7\u00e3o interno e externo, os ber\u00e7os de atraca\u00e7\u00e3o e as bacias de evolu\u00e7\u00e3o, garantindo melhores condi\u00e7\u00f5es para a movimenta\u00e7\u00e3o portu\u00e1ria.<\/p>\n<p>Fonte: Portos e Navios<\/p>\n","protected":false},"excerpt":{"rendered":"<p>A Autoridade Portu\u00e1ria de Santos (APS) anunciou uma medida que permitir\u00e1 a continuidade da opera\u00e7\u00e3o de carga geral no Porto de Itaja\u00ed (SC) mesmo durante&#8230;<\/p>\n","protected":false},"author":1527,"featured_media":57083,"comment_status":"closed","ping_status":"closed","sticky":false,"template":"","format":"standard","meta":{"footnotes":""},"categories":[6],"tags":[],"class_list":["post-57081","post","type-post","status-publish","format-standard","has-post-thumbnail","hentry","category-noticias"],"_links":{"self":[{"href":"https:\/\/www.sincomam.org.br\/index.php\/wp-json\/wp\/v2\/posts\/57081","targetHints":{"allow":["GET"]}}],"collection":[{"href":"https:\/\/www.sincomam.org.br\/index.php\/wp-json\/wp\/v2\/posts"}],"about":[{"href":"https:\/\/www.sincomam.org.br\/index.php\/wp-json\/wp\/v2\/types\/post"}],"author":[{"embeddable":true,"href":"https:\/\/www.sincomam.org.br\/index.php\/wp-json\/wp\/v2\/users\/1527"}],"replies":[{"embeddable":true,"href":"https:\/\/www.sincomam.org.br\/index.php\/wp-json\/wp\/v2\/comments?post=57081"}],"version-history":[{"count":1,"href":"https:\/\/www.sincomam.org.br\/index.php\/wp-json\/wp\/v2\/posts\/57081\/revisions"}],"predecessor-version":[{"id":57084,"href":"https:\/\/www.sincomam.org.br\/index.php\/wp-json\/wp\/v2\/posts\/57081\/revisions\/57084"}],"wp:featuredmedia":[{"embeddable":true,"href":"https:\/\/www.sincomam.org.br\/index.php\/wp-json\/wp\/v2\/media\/57083"}],"wp:attachment":[{"href":"https:\/\/www.sincomam.org.br\/index.php\/wp-json\/wp\/v2\/media?parent=57081"}],"wp:term":[{"taxonomy":"category","embeddable":true,"href":"https:\/\/www.sincomam.org.br\/index.php\/wp-json\/wp\/v2\/categories?post=57081"},{"taxonomy":"post_tag","embeddable":true,"href":"https:\/\/www.sincomam.org.br\/index.php\/wp-json\/wp\/v2\/tags?post=57081"}],"curies":[{"name":"wp","href":"https:\/\/api.w.org\/{rel}","templated":true}]}}