{"id":5707,"date":"2014-05-28T08:10:53","date_gmt":"2014-05-28T11:10:53","guid":{"rendered":"http:\/\/www.sincomam.org.br\/?p=5707"},"modified":"2014-05-27T22:23:48","modified_gmt":"2014-05-28T01:23:48","slug":"rio-grande-pode-ter-prejuizo-de-r-3-milhoes-por-dia-com-greve-no-polo-naval","status":"publish","type":"post","link":"https:\/\/www.sincomam.org.br\/index.php\/rio-grande-pode-ter-prejuizo-de-r-3-milhoes-por-dia-com-greve-no-polo-naval\/","title":{"rendered":"Rio Grande pode ter preju\u00edzo de R$ 3 milh\u00f5es por dia com greve no Polo Naval"},"content":{"rendered":"<p><strong><em>Trabalhadores exigem igualar \u00edndices de reajustes do Rio de Janeiro<\/em><\/strong><\/p>\n<p>A paralisa\u00e7\u00e3o de mais de 7,5 mil trabalhadores do Polo Naval chegou \u00e0 pauta da C\u00e2mara de Vereadores de Rio Grande. O problema \u00e9 visto de forma ainda mais ampla: uma poss\u00edvel crise no setor naval na cidade. Para tentar dialogar com as categorias envolvidas, os vereadores convocaram reuni\u00e3o nesta segunda-feira. Os parlamentares temem que a greve seja apenas o in\u00edcio de problemas ainda maiores nos investimentos do munic\u00edpio. Cada dia de paralisa\u00e7\u00e3o gera preju\u00edzo de R$ 3 milh\u00f5es.<\/p>\n<p>Para os vereadores, os problemas no polo v\u00eam acontecendo h\u00e1 algum tempo, e o medo de que uma crise se instale \u00e9 grande. Durante a manh\u00e3 desta ter\u00e7a, uma reuni\u00e3o no Rio de Janeiro, convocada pelo Sindicato Nacional da Ind\u00fastria da Constru\u00e7\u00e3o e Repara\u00e7\u00e3o Naval e Offshore (Sinaval), ir\u00e1 decidir o rumo da greve nos pr\u00f3ximos dias.<\/p>\n<p>A paralisa\u00e7\u00e3o foi deflagrada pela manh\u00e3. O principal objetivo dos grevistas \u00e9 conseguir se igualar aos \u00edndices de reajustes do Rio de Janeiro. L\u00e1, segundo o Sindicato dos Trabalhadores das Ind\u00fastrias Metal\u00fargicas e de Material El\u00e9trico de Rio Grande e S\u00e3o Jos\u00e9 do Norte (Stimmerg), o aumento chegou a 9,5% e R$ 300,00 de t\u00edquete-alimenta\u00e7\u00e3o ap\u00f3s acordos judiciais.<\/p>\n<p>Outros direitos, de acordo com o presidente do Stimmerg, Benito Gon\u00e7alves, tamb\u00e9m est\u00e3o em discuss\u00e3o, como melhores condi\u00e7\u00f5es de alojamento e uniformes de trabalho. A data-base para o reajuste \u00e9 1\u00ba de maio. Atualmente, cerca de 7,5 mil trabalhadores representam a classe que recebe sal\u00e1rios de at\u00e9 R$ 4,5 mil.<\/p>\n<p>Fonte: Correio do Povo (RS)<\/p>\n","protected":false},"excerpt":{"rendered":"<p>Trabalhadores exigem igualar \u00edndices de reajustes do Rio de Janeiro A paralisa\u00e7\u00e3o de mais de 7,5 mil trabalhadores do Polo Naval chegou \u00e0 pauta da&#8230;<\/p>\n","protected":false},"author":1182,"featured_media":5708,"comment_status":"closed","ping_status":"closed","sticky":false,"template":"","format":"standard","meta":{"footnotes":""},"categories":[6],"tags":[244,80,1264,79,1140],"class_list":["post-5707","post","type-post","status-publish","format-standard","has-post-thumbnail","hentry","category-noticias","tag-greve","tag-porto","tag-prejuizo","tag-rio-grande","tag-trabalhadores"],"_links":{"self":[{"href":"https:\/\/www.sincomam.org.br\/index.php\/wp-json\/wp\/v2\/posts\/5707","targetHints":{"allow":["GET"]}}],"collection":[{"href":"https:\/\/www.sincomam.org.br\/index.php\/wp-json\/wp\/v2\/posts"}],"about":[{"href":"https:\/\/www.sincomam.org.br\/index.php\/wp-json\/wp\/v2\/types\/post"}],"author":[{"embeddable":true,"href":"https:\/\/www.sincomam.org.br\/index.php\/wp-json\/wp\/v2\/users\/1182"}],"replies":[{"embeddable":true,"href":"https:\/\/www.sincomam.org.br\/index.php\/wp-json\/wp\/v2\/comments?post=5707"}],"version-history":[{"count":1,"href":"https:\/\/www.sincomam.org.br\/index.php\/wp-json\/wp\/v2\/posts\/5707\/revisions"}],"predecessor-version":[{"id":5709,"href":"https:\/\/www.sincomam.org.br\/index.php\/wp-json\/wp\/v2\/posts\/5707\/revisions\/5709"}],"wp:featuredmedia":[{"embeddable":true,"href":"https:\/\/www.sincomam.org.br\/index.php\/wp-json\/wp\/v2\/media\/5708"}],"wp:attachment":[{"href":"https:\/\/www.sincomam.org.br\/index.php\/wp-json\/wp\/v2\/media?parent=5707"}],"wp:term":[{"taxonomy":"category","embeddable":true,"href":"https:\/\/www.sincomam.org.br\/index.php\/wp-json\/wp\/v2\/categories?post=5707"},{"taxonomy":"post_tag","embeddable":true,"href":"https:\/\/www.sincomam.org.br\/index.php\/wp-json\/wp\/v2\/tags?post=5707"}],"curies":[{"name":"wp","href":"https:\/\/api.w.org\/{rel}","templated":true}]}}