{"id":57023,"date":"2025-02-05T11:39:18","date_gmt":"2025-02-05T14:39:18","guid":{"rendered":"http:\/\/www.sincomam.org.br\/?p=57023"},"modified":"2025-02-05T11:39:33","modified_gmt":"2025-02-05T14:39:33","slug":"consulta-ao-abono-salarial-pis-pasep-2025-e-liberada-nesta-quarta-veja-quem-tem-direito","status":"publish","type":"post","link":"https:\/\/www.sincomam.org.br\/index.php\/consulta-ao-abono-salarial-pis-pasep-2025-e-liberada-nesta-quarta-veja-quem-tem-direito\/","title":{"rendered":"Consulta ao abono salarial PIS-Pasep 2025 \u00e9 liberada nesta quarta"},"content":{"rendered":"<div id=\"chunk-24eb6\">\n<div class=\"mc-column content-text active-extra-styles \" data-block-type=\"unstyled\" data-block-weight=\"34\" data-block-id=\"3\">\n<p class=\" content-text__container \" data-track-category=\"Link no Texto\" data-track-links=\"\" data-mrf-recirculation=\"Mat\u00e9ria - Links no Texto\">A partir desta quarta-feira (5), os trabalhadores podem consultar se tem direito ao\u00a0abono salarial PIS-Pasep 2025, referente ao ano-base 2023.\u00a0<span class=\"highlight highlighted\">O pagamento come\u00e7a em 17 de fevereiro para os benefici\u00e1rios nascidos em janeiro.<\/span><\/p>\n<\/div>\n<\/div>\n<div class=\"wall protected-content\">\n<div id=\"chunk-faip3\">\n<div class=\"mc-column content-text active-extra-styles \" data-block-type=\"unstyled\" data-block-weight=\"22\" data-block-id=\"5\">\n<p class=\" content-text__container \" data-track-category=\"Link no Texto\" data-track-links=\"\" data-mrf-recirculation=\"Mat\u00e9ria - Links no Texto\">Os valores ficar\u00e3o dispon\u00edveis para saque at\u00e9 o encerramento do calend\u00e1rio em 29 de dezembro de 2025.\u00a0<em>(confira todas as datas abaixo)<\/em><\/p>\n<\/div>\n<\/div>\n<div id=\"chunk-5u830\">\n<div class=\"mc-column content-text active-extra-styles\" data-block-type=\"raw\" data-block-weight=\"32\" data-block-id=\"6\">\n<ul class=\"content-unordered-list\">\n<li>\u27a1\ufe0f O\u00a0<strong>abono salarial<\/strong>\u00a0\u00e9 um benef\u00edcio no valor de at\u00e9 um sal\u00e1rio-m\u00ednimo concedido anualmente a trabalhadores da iniciativa privada (PIS) e a servidores p\u00fablicos (Pasep) que atendem aos requisitos do programa.<\/li>\n<\/ul>\n<p>No geral, t\u00eam direito ao abono pessoas que trabalharam durante pelo menos 30 dias no ano-base\u00a0e\u00a0receberam at\u00e9 dois sal\u00e1rios-m\u00ednimos por m\u00eas.<em>\u00a0<\/em><em>(veja todos os requisitos abaixo)<\/em><\/p>\n<\/div>\n<\/div>\n<div id=\"chunk-1gdf5\">\n<div class=\"content-ads content-ads--reveal\" data-block-type=\"ads\" data-block-id=\"8\">O banco de recebimento, data e os valores, inclusive de anos anteriores, est\u00e3o dispon\u00edveis para consulta no aplicativo <a class=\"\" href=\"https:\/\/www.gov.br\/pt-br\/temas\/carteira-de-trabalho-digital\" target=\"_blank\" rel=\"noopener\" data-mrf-link=\"https:\/\/www.gov.br\/pt-br\/temas\/carteira-de-trabalho-digital\"><strong>Carteira de Trabalho Digital\u00a0<\/strong><\/a>e no portal\u00a0<a class=\"\" href=\"https:\/\/www.gov.br\/pt-br\" target=\"_blank\" rel=\"noopener\" data-mrf-link=\"https:\/\/www.gov.br\/pt-br\"><strong>gov.br<\/strong><\/a><strong>.\u00a0<\/strong><em>(veja passo a passo de como consultar abaixo)<\/em><\/div>\n<\/div>\n<div id=\"chunk-5h3dk\">\n<div class=\"mc-column content-text active-extra-styles \" data-block-type=\"unstyled\" data-block-weight=\"34\" data-block-id=\"10\">\n<p class=\" content-text__container \" data-track-category=\"Link no Texto\" data-track-links=\"\" data-mrf-recirculation=\"Mat\u00e9ria - Links no Texto\">Assim como em 2024, o calend\u00e1rio de pagamento de 2025 foi unificado: tanto os trabalhadores da iniciativa privada como os servidores p\u00fablicos v\u00e3o receber de acordo com o m\u00eas de nascimento de cada benefici\u00e1rio.<\/p>\n<\/div>\n<\/div>\n<div id=\"chunk-c941s\">\n<div class=\"mc-column content-text active-extra-styles \" data-block-type=\"unstyled\" data-block-weight=\"26\" data-block-id=\"11\">\n<p class=\" content-text__container \" data-track-category=\"Link no Texto\" data-track-links=\"\" data-mrf-recirculation=\"Mat\u00e9ria - Links no Texto\">Ao todo, em 2025,\u00a0ser\u00e3o disponibilizados R$ 30,7 bilh\u00f5es para pagamento do benef\u00edcio\u00a0a cerca de 25,8 milh\u00f5es de trabalhadores, segundo o Minist\u00e9rio do Trabalho.<\/p>\n<\/div>\n<\/div>\n<div id=\"chunk-8207c\">\n<div id=\"0\" class=\"anchor-position\">Calend\u00e1rio de Pagamento Abono Salarial PIS-Pasep 2025 (Ano-Base 2023)<\/div>\n<\/div>\n<div id=\"chunk-f2e0n\">\n<div class=\"row medium-uncollapsed content-text\" data-block-type=\"table-plugin\" data-block-id=\"12\">\n<div class=\"column medium-centered medium-22 large-20\">\n<div class=\"show-table content-media content-media--normal\">\n<div class=\"show-table__centralized\">\n<div class=\"show-table__container\">\n<table class=\"show-table__content show-table__content--highlight-top \">\n<tbody>\n<tr>\n<td>Nascido em<\/td>\n<td>Recebem a partir de<\/td>\n<\/tr>\n<tr>\n<td>Janeiro<\/td>\n<td>17 de fevereiro<\/td>\n<\/tr>\n<tr>\n<td>Fevereiro<\/td>\n<td>17 de mar\u00e7o<\/td>\n<\/tr>\n<tr>\n<td>Mar\u00e7o<\/td>\n<td>15 de abril<\/td>\n<\/tr>\n<tr>\n<td>Abril<\/td>\n<td>15 de abril<\/td>\n<\/tr>\n<tr>\n<td>Maio<\/td>\n<td>15 de de maio<\/td>\n<\/tr>\n<tr>\n<td>Junho<\/td>\n<td>15 de de maio<\/td>\n<\/tr>\n<tr>\n<td>Julho<\/td>\n<td>16 de junho<\/td>\n<\/tr>\n<tr>\n<td>Agosto<\/td>\n<td>16 de junho<\/td>\n<\/tr>\n<tr>\n<td>Setembro<\/td>\n<td>15 de julho<\/td>\n<\/tr>\n<tr>\n<td>Outubro<\/td>\n<td>15 de julho<\/td>\n<\/tr>\n<tr>\n<td>Novembro<\/td>\n<td>15 de agosto<\/td>\n<\/tr>\n<tr>\n<td>Dezembro<\/td>\n<td>15 de agosto<\/td>\n<\/tr>\n<\/tbody>\n<\/table>\n<\/div>\n<\/div>\n<\/div>\n<\/div>\n<div>Fonte: G1<\/div>\n<\/div>\n<\/div>\n<\/div>\n","protected":false},"excerpt":{"rendered":"<p>A partir desta quarta-feira (5), os trabalhadores podem consultar se tem direito ao\u00a0abono salarial PIS-Pasep 2025, referente ao ano-base 2023.\u00a0O pagamento come\u00e7a em 17 de&#8230;<\/p>\n","protected":false},"author":1527,"featured_media":53440,"comment_status":"closed","ping_status":"closed","sticky":false,"template":"","format":"standard","meta":{"footnotes":""},"categories":[6],"tags":[],"class_list":["post-57023","post","type-post","status-publish","format-standard","has-post-thumbnail","hentry","category-noticias"],"_links":{"self":[{"href":"https:\/\/www.sincomam.org.br\/index.php\/wp-json\/wp\/v2\/posts\/57023","targetHints":{"allow":["GET"]}}],"collection":[{"href":"https:\/\/www.sincomam.org.br\/index.php\/wp-json\/wp\/v2\/posts"}],"about":[{"href":"https:\/\/www.sincomam.org.br\/index.php\/wp-json\/wp\/v2\/types\/post"}],"author":[{"embeddable":true,"href":"https:\/\/www.sincomam.org.br\/index.php\/wp-json\/wp\/v2\/users\/1527"}],"replies":[{"embeddable":true,"href":"https:\/\/www.sincomam.org.br\/index.php\/wp-json\/wp\/v2\/comments?post=57023"}],"version-history":[{"count":2,"href":"https:\/\/www.sincomam.org.br\/index.php\/wp-json\/wp\/v2\/posts\/57023\/revisions"}],"predecessor-version":[{"id":57026,"href":"https:\/\/www.sincomam.org.br\/index.php\/wp-json\/wp\/v2\/posts\/57023\/revisions\/57026"}],"wp:featuredmedia":[{"embeddable":true,"href":"https:\/\/www.sincomam.org.br\/index.php\/wp-json\/wp\/v2\/media\/53440"}],"wp:attachment":[{"href":"https:\/\/www.sincomam.org.br\/index.php\/wp-json\/wp\/v2\/media?parent=57023"}],"wp:term":[{"taxonomy":"category","embeddable":true,"href":"https:\/\/www.sincomam.org.br\/index.php\/wp-json\/wp\/v2\/categories?post=57023"},{"taxonomy":"post_tag","embeddable":true,"href":"https:\/\/www.sincomam.org.br\/index.php\/wp-json\/wp\/v2\/tags?post=57023"}],"curies":[{"name":"wp","href":"https:\/\/api.w.org\/{rel}","templated":true}]}}