{"id":57005,"date":"2025-02-05T10:13:44","date_gmt":"2025-02-05T13:13:44","guid":{"rendered":"http:\/\/www.sincomam.org.br\/?p=57005"},"modified":"2025-02-05T10:13:44","modified_gmt":"2025-02-05T13:13:44","slug":"super-terminais-adere-ao-pacto-pela-sustentabilidade","status":"publish","type":"post","link":"https:\/\/www.sincomam.org.br\/index.php\/super-terminais-adere-ao-pacto-pela-sustentabilidade\/","title":{"rendered":"Super Terminais adere ao Pacto pela Sustentabilidade"},"content":{"rendered":"<p>O Super Terminais (AM) agora faz parte do Pacto pela Sustentabilidade, iniciativa do Minist\u00e9rio de Portos e Aeroportos para estimular pr\u00e1ticas ambientais, sociais e de governan\u00e7a (ESG). O compromisso refor\u00e7a medidas que o terminal j\u00e1 adota, como o uso de guindastes el\u00e9tricos em suas opera\u00e7\u00f5es em Manaus, reduzindo emiss\u00f5es e economizando milhares de litros de \u00f3leo hidr\u00e1ulico anualmente. Al\u00e9m disso, o porto mant\u00e9m controle sobre res\u00edduos, garantindo reciclagem total dos flu\u00eddos hidr\u00e1ulicos e monitoramento cont\u00ednuo da qualidade da \u00e1gua do rio. Tamb\u00e9m promove a\u00e7\u00f5es sociais e de educa\u00e7\u00e3o ambiental por meio do programa Porto e Comunidade e apoia o Educand\u00e1rio Gustavo Capanema, institui\u00e7\u00e3o voltada para crian\u00e7as em situa\u00e7\u00e3o de vulnerabilidade.<\/p>\n<p>Em 2024, a empresa viabilizou a Opera\u00e7\u00e3o Itacoatiara, criada pelo engenheiro naval Heitor Augusto de Souza Lima, para garantir o escoamento da produ\u00e7\u00e3o da Zona Franca de Manaus em meio \u00e0 seca hist\u00f3rica na regi\u00e3o. O terminal instalou um p\u00eder em uma \u00e1rea de 300 mil metros quadrados na margem esquerda do rio Amazonas, pr\u00f3ximo ao porto p\u00fablico de Itacoatiara, permitindo a continuidade das opera\u00e7\u00f5es log\u00edsticas. O resultado foi um recorde de movimenta\u00e7\u00e3o de cargas, com 264.805 TEUs no acumulado do ano.<\/p>\n<p>Fonte: Portos e Navios<\/p>\n","protected":false},"excerpt":{"rendered":"<p>O Super Terminais (AM) agora faz parte do Pacto pela Sustentabilidade, iniciativa do Minist\u00e9rio de Portos e Aeroportos para estimular pr\u00e1ticas ambientais, sociais e de&#8230;<\/p>\n","protected":false},"author":1527,"featured_media":0,"comment_status":"closed","ping_status":"closed","sticky":false,"template":"","format":"standard","meta":{"footnotes":""},"categories":[6],"tags":[],"class_list":["post-57005","post","type-post","status-publish","format-standard","hentry","category-noticias"],"_links":{"self":[{"href":"https:\/\/www.sincomam.org.br\/index.php\/wp-json\/wp\/v2\/posts\/57005","targetHints":{"allow":["GET"]}}],"collection":[{"href":"https:\/\/www.sincomam.org.br\/index.php\/wp-json\/wp\/v2\/posts"}],"about":[{"href":"https:\/\/www.sincomam.org.br\/index.php\/wp-json\/wp\/v2\/types\/post"}],"author":[{"embeddable":true,"href":"https:\/\/www.sincomam.org.br\/index.php\/wp-json\/wp\/v2\/users\/1527"}],"replies":[{"embeddable":true,"href":"https:\/\/www.sincomam.org.br\/index.php\/wp-json\/wp\/v2\/comments?post=57005"}],"version-history":[{"count":1,"href":"https:\/\/www.sincomam.org.br\/index.php\/wp-json\/wp\/v2\/posts\/57005\/revisions"}],"predecessor-version":[{"id":57008,"href":"https:\/\/www.sincomam.org.br\/index.php\/wp-json\/wp\/v2\/posts\/57005\/revisions\/57008"}],"wp:attachment":[{"href":"https:\/\/www.sincomam.org.br\/index.php\/wp-json\/wp\/v2\/media?parent=57005"}],"wp:term":[{"taxonomy":"category","embeddable":true,"href":"https:\/\/www.sincomam.org.br\/index.php\/wp-json\/wp\/v2\/categories?post=57005"},{"taxonomy":"post_tag","embeddable":true,"href":"https:\/\/www.sincomam.org.br\/index.php\/wp-json\/wp\/v2\/tags?post=57005"}],"curies":[{"name":"wp","href":"https:\/\/api.w.org\/{rel}","templated":true}]}}