{"id":56984,"date":"2025-02-04T07:01:02","date_gmt":"2025-02-04T10:01:02","guid":{"rendered":"http:\/\/www.sincomam.org.br\/?p=56984"},"modified":"2025-02-04T07:01:02","modified_gmt":"2025-02-04T10:01:02","slug":"dolar-cai-pela-11a-vez-e-tem-maior-sequencia-de-quedas-em-20-anos","status":"publish","type":"post","link":"https:\/\/www.sincomam.org.br\/index.php\/dolar-cai-pela-11a-vez-e-tem-maior-sequencia-de-quedas-em-20-anos\/","title":{"rendered":"D\u00f3lar cai pela 11\u00aa vez e tem maior sequ\u00eancia de quedas em 20 anos"},"content":{"rendered":"<p>O recuo tempor\u00e1rio do presidente norte-americano, Donald Trump, em elevar as tarifas comerciais para os produtos mexicanos trouxe mais um dia de al\u00edvio para o mercado financeiro. O d\u00f3lar caiu pela 11\u00aa vez e acumula a maior sequencia de quedas di\u00e1rias em 20 anos. A bolsa alternou altas e baixas, mas terminou o dia com pequeno recuo.<img decoding=\"async\" src=\"https:\/\/agenciabrasil.ebc.com.br\/ebc.png?id=1628978&amp;o=node\" \/><img decoding=\"async\" src=\"https:\/\/agenciabrasil.ebc.com.br\/ebc.gif?id=1628978&amp;o=node\" \/><\/p>\n<p>O d\u00f3lar comercial encerrou esta segunda-feira (3) vendido a R$ 5,815, com queda de R$ 0,022 (-0,38%). A cota\u00e7\u00e3o iniciou o dia em alta, chegando a R$ 5,90 por volta das 12h, mas inverteu o movimento ap\u00f3s Trump e a presidenta do M\u00e9xico, Claudia Sheinbaum, anunciarem negocia\u00e7\u00f5es para a eleva\u00e7\u00e3o das tarifas comerciais entre os dois pa\u00edses.<\/p>\n<p>A moeda norte-americana est\u00e1 na menor cota\u00e7\u00e3o desde 26 de novembro. Em 2025, a divisa acumula queda de 5,88%. Como, desde 17 de janeiro, o d\u00f3lar n\u00e3o fecha em alta, a sequ\u00eancia de quedas di\u00e1rias \u00e9 a maior desde o fim de mar\u00e7o e a metade de abril de 2005.<\/p>\n<p>No mercado de a\u00e7\u00f5es, o dia foi menos otimista. O \u00edndice Ibovespa, da B3, fechou aos 125.970, com queda de 0,13%. O indicador chegou a subir 0,25% por volta das 13h, mas perdeu for\u00e7a e encerrou pr\u00f3ximo da estabilidade.<\/p>\n<p>Pela manh\u00e3, a bolsa come\u00e7ou em queda e o d\u00f3lar em alta, ainda sob reflexo do an\u00fancio de Trump de que elevaria em 25% os produtos mexicanos e canadenses e em 10% os produtos chineses. A suspens\u00e3o da medida para o M\u00e9xico por 30 dias fez o d\u00f3lar cair perante as moedas dos principais pa\u00edses emergentes.<\/p>\n<p>Nesta segunda, o euro comercial fechou abaixo de R$ 6 pela primeira vez desde 4 de outubro. A cota\u00e7\u00e3o encerrou esta segunda em R$ 5,981, com queda de R$ 0,047 (-1,22%). A moeda est\u00e1 no menor valor desde 16 de julho do ano passado, quando estava em R$ 5,91.<\/p>\n<p>Fonte: Ag\u00eancia Brasil com informa\u00e7\u00f5es da Reuters<\/p>\n","protected":false},"excerpt":{"rendered":"<p>O recuo tempor\u00e1rio do presidente norte-americano, Donald Trump, em elevar as tarifas comerciais para os produtos mexicanos trouxe mais um dia de al\u00edvio para o&#8230;<\/p>\n","protected":false},"author":1527,"featured_media":56986,"comment_status":"closed","ping_status":"closed","sticky":false,"template":"","format":"standard","meta":{"footnotes":""},"categories":[6],"tags":[],"class_list":["post-56984","post","type-post","status-publish","format-standard","has-post-thumbnail","hentry","category-noticias"],"_links":{"self":[{"href":"https:\/\/www.sincomam.org.br\/index.php\/wp-json\/wp\/v2\/posts\/56984","targetHints":{"allow":["GET"]}}],"collection":[{"href":"https:\/\/www.sincomam.org.br\/index.php\/wp-json\/wp\/v2\/posts"}],"about":[{"href":"https:\/\/www.sincomam.org.br\/index.php\/wp-json\/wp\/v2\/types\/post"}],"author":[{"embeddable":true,"href":"https:\/\/www.sincomam.org.br\/index.php\/wp-json\/wp\/v2\/users\/1527"}],"replies":[{"embeddable":true,"href":"https:\/\/www.sincomam.org.br\/index.php\/wp-json\/wp\/v2\/comments?post=56984"}],"version-history":[{"count":1,"href":"https:\/\/www.sincomam.org.br\/index.php\/wp-json\/wp\/v2\/posts\/56984\/revisions"}],"predecessor-version":[{"id":56987,"href":"https:\/\/www.sincomam.org.br\/index.php\/wp-json\/wp\/v2\/posts\/56984\/revisions\/56987"}],"wp:featuredmedia":[{"embeddable":true,"href":"https:\/\/www.sincomam.org.br\/index.php\/wp-json\/wp\/v2\/media\/56986"}],"wp:attachment":[{"href":"https:\/\/www.sincomam.org.br\/index.php\/wp-json\/wp\/v2\/media?parent=56984"}],"wp:term":[{"taxonomy":"category","embeddable":true,"href":"https:\/\/www.sincomam.org.br\/index.php\/wp-json\/wp\/v2\/categories?post=56984"},{"taxonomy":"post_tag","embeddable":true,"href":"https:\/\/www.sincomam.org.br\/index.php\/wp-json\/wp\/v2\/tags?post=56984"}],"curies":[{"name":"wp","href":"https:\/\/api.w.org\/{rel}","templated":true}]}}