{"id":5697,"date":"2014-05-27T08:09:27","date_gmt":"2014-05-27T11:09:27","guid":{"rendered":"http:\/\/www.sincomam.org.br\/?p=5697"},"modified":"2014-05-26T22:52:21","modified_gmt":"2014-05-27T01:52:21","slug":"nivel-do-rio-negro-em-manaus-atinge-cota-de-emergencia","status":"publish","type":"post","link":"https:\/\/www.sincomam.org.br\/index.php\/nivel-do-rio-negro-em-manaus-atinge-cota-de-emergencia\/","title":{"rendered":"N\u00edvel do Rio Negro em Manaus atinge cota de emerg\u00eancia"},"content":{"rendered":"<p>O n\u00edvel do Rio Negro ultrapassou a marca de 28,94 metros, considerada de emerg\u00eancia, e alcan\u00e7ou a faixa de alerta para inunda\u00e7\u00f5es nesta quinta-feira (22) em Manaus, segundo o Servi\u00e7o Geol\u00f3gico do Brasil (CPRM). A cota na r\u00e9gua situada no Porto de Manaus, \u00e1rea central da cidade, j\u00e1 chegou a 28,99 metros. O superintendente do \u00f3rg\u00e3o, Marco Antonio Oliveira informou que o n\u00edvel do rio deve continuar subindo at\u00e9 meados de junho. Em todo o Amazonas, 33 mil fam\u00edlias s\u00e3o afetadas pela cheia dos rios.<\/p>\n<p>O primeiro alerta de cheia divulgado pelo CPRM diz que o Rio Negro deveria chegar \u00e0 marca de 29 metros no \u00e1pice da enchente, no pr\u00f3ximo m\u00eas. O \u00f3rg\u00e3o acredita que o n\u00edvel das \u00e1guas deve variar entre 28,79 e 29,49 metros.<\/p>\n<p>&#8220;Essa marca representa a cota de emerg\u00eancia pela r\u00e9gua do Porto de Manaus que \u00e9 calculada em 28,94 metros. Na data de hoje, j\u00e1 superou e o Rio Negro deve continuar subindo pelo pr\u00f3ximo m\u00eas. A cheia est\u00e1 em evolu\u00e7\u00e3o e a gente espera que seja uma cheia semelhante a do ano passado&#8221;, disse em entrevista \u00e0 r\u00e1dio Amazonas FM.<\/p>\n<p>Segundo a medi\u00e7\u00e3o do Porto de Manaus, o n\u00edvel do Rio Negro subiu 15 cent\u00edmetros nos \u00faltimos quatro dias. No dia 22 do m\u00eas passado, a cota estava em 27,66 metros, 1,33 metros a menos do que o registrado nesta quinta.<\/p>\n<p>Em 2012, Avenida Eduardo Ribeiro, localizada no Centro de Manaus, ficou submersa pelas \u00e1guas (Foto: Tiago Melo\/G1 AM)<\/p>\n<p>Em 2012, parte da Avenida Eduardo Ribeiro, no Centro, ficou submersa pelas \u00e1guas (Foto: Tiago Melo)<\/p>\n<p>De acordo com a Defesa Civil, ao menos 12 bairros de Manaus devem ser atingidos pela cheia do Rio Negro este ano. No Centro, as vias que podem ser afetadas pela subida das \u00e1guas s\u00e3o a Bar\u00e3o de S\u00e3o Domingos, Bar\u00e9s, Eduardo Ribeiro, Floriano Peixoto, Guilherme Moreira e Andradas. O \u00f3rg\u00e3o informou que montou um plano de enfrentamento da cheia no Centro que inclui preven\u00e7\u00e3o ao risco de contamina\u00e7\u00e3o pelas \u00e1guas das tubula\u00e7\u00f5es de esgoto; controle de pragas; obras de mobilidade como passarelas; al\u00e9m do monitoramento e desvios de rota de \u00f4nibus, de acordo com a subida das \u00e1guas e ruas atingidas.<\/p>\n<p>O superintendente do CPRM acredita que avenidas como a Eduardo Ribeiro, uma das principais vias do Centro, n\u00e3o sejam afetadas pela cheia devido aos transbordamentos das galerias. Segundo Marco Antonio Oliveira, pontos como Alfandega, na rua Tamandar\u00e9, e Mercado Municipal, situado na Rua dos Bar\u00e9s, correm riscos de inunda\u00e7\u00f5es apenas quando a cota \u00e9 superior a 29,50m. &#8220;At\u00e9 o momento ainda n\u00e3o temos um cen\u00e1rio para alagamento do centro da cidade&#8221;, disse.<\/p>\n<p><strong>Interior<\/strong><\/p>\n<p>Um balan\u00e7o divulgado nesta quarta-feira (21), aponta que 33.358 mil fam\u00edlias e 167.863 mil pessoas j\u00e1 foram afetadas pela enchente dos rios no Amazonas. Dois munic\u00edpios registraram estado de calamidade p\u00fablica e 25 de emerg\u00eancia. Segundo o Governo do Estado, 400 toneladas de alimentos j\u00e1 foram enviadas aos munic\u00edpios atingidos.<\/p>\n<p>Fonte: Brasil Digital\/G1\/AM<\/p>\n","protected":false},"excerpt":{"rendered":"<p>O n\u00edvel do Rio Negro ultrapassou a marca de 28,94 metros, considerada de emerg\u00eancia, e alcan\u00e7ou a faixa de alerta para inunda\u00e7\u00f5es nesta quinta-feira (22)&#8230;<\/p>\n","protected":false},"author":1182,"featured_media":5698,"comment_status":"closed","ping_status":"closed","sticky":false,"template":"","format":"standard","meta":{"footnotes":""},"categories":[6],"tags":[452,1307,1304,1305,1306],"class_list":["post-5697","post","type-post","status-publish","format-standard","has-post-thumbnail","hentry","category-noticias","tag-agua","tag-cheia","tag-nivel","tag-rio-negro","tag-ultrapassagem"],"_links":{"self":[{"href":"https:\/\/www.sincomam.org.br\/index.php\/wp-json\/wp\/v2\/posts\/5697","targetHints":{"allow":["GET"]}}],"collection":[{"href":"https:\/\/www.sincomam.org.br\/index.php\/wp-json\/wp\/v2\/posts"}],"about":[{"href":"https:\/\/www.sincomam.org.br\/index.php\/wp-json\/wp\/v2\/types\/post"}],"author":[{"embeddable":true,"href":"https:\/\/www.sincomam.org.br\/index.php\/wp-json\/wp\/v2\/users\/1182"}],"replies":[{"embeddable":true,"href":"https:\/\/www.sincomam.org.br\/index.php\/wp-json\/wp\/v2\/comments?post=5697"}],"version-history":[{"count":1,"href":"https:\/\/www.sincomam.org.br\/index.php\/wp-json\/wp\/v2\/posts\/5697\/revisions"}],"predecessor-version":[{"id":5699,"href":"https:\/\/www.sincomam.org.br\/index.php\/wp-json\/wp\/v2\/posts\/5697\/revisions\/5699"}],"wp:featuredmedia":[{"embeddable":true,"href":"https:\/\/www.sincomam.org.br\/index.php\/wp-json\/wp\/v2\/media\/5698"}],"wp:attachment":[{"href":"https:\/\/www.sincomam.org.br\/index.php\/wp-json\/wp\/v2\/media?parent=5697"}],"wp:term":[{"taxonomy":"category","embeddable":true,"href":"https:\/\/www.sincomam.org.br\/index.php\/wp-json\/wp\/v2\/categories?post=5697"},{"taxonomy":"post_tag","embeddable":true,"href":"https:\/\/www.sincomam.org.br\/index.php\/wp-json\/wp\/v2\/tags?post=5697"}],"curies":[{"name":"wp","href":"https:\/\/api.w.org\/{rel}","templated":true}]}}