{"id":56962,"date":"2025-02-03T12:17:14","date_gmt":"2025-02-03T15:17:14","guid":{"rendered":"http:\/\/www.sincomam.org.br\/?p=56962"},"modified":"2025-02-03T12:17:14","modified_gmt":"2025-02-03T15:17:14","slug":"navio-abatido-na-2a-guerra-e-encontrado-no-rio-de-janeiro-80-anos-depois","status":"publish","type":"post","link":"https:\/\/www.sincomam.org.br\/index.php\/navio-abatido-na-2a-guerra-e-encontrado-no-rio-de-janeiro-80-anos-depois\/","title":{"rendered":"Navio abatido na 2\u00aa Guerra \u00e9 encontrado no Rio de Janeiro 80 anos depois"},"content":{"rendered":"<p>Ap\u00f3s 80 anos submerso, o navio \u2018Vital de Oliveira\u2019,\u00a0afundado por um submarino alem\u00e3o, durante a Segunda Guerra Mundial,\u00a0foi encontrado pela\u00a0Marinha, na costa brasileira.<\/p>\n<p>A embarca\u00e7\u00e3o foi abatida em 1944 por torpedos e\u00a0vitimou 99 pessoas, dos 270 tripulantes.<\/p>\n<p>O navio foi descoberto a 65 quil\u00f4metros, da costa de Maca\u00e9 (RJ) durante uma miss\u00e3o de pesquisa de um navio, que por coincid\u00eancia, tem o mesmo nome, \u2018Vital de Oliveira\u2019, no \u00faltimo dia 16 de janeiro, mas as informa\u00e7\u00f5es s\u00f3 foram reveladas agora.<\/p>\n<p>Para o professor do instituto de Estudos Estrat\u00e9gicos da Universidade Federal Fluminense (UFF), Eduardo Heleno,\u00a0a descoberta pontua um importante passo na preserva\u00e7\u00e3o do papel do Brasil durante a guerra.<\/p>\n<p>\u201cA mem\u00f3ria sobre a participa\u00e7\u00e3o do Brasil na Segunda Guerra Mundial \u00e9 algo que deve ser valorizado. O pa\u00eds participou do maior conflito do s\u00e9culo XX enviando uma For\u00e7a Expedicion\u00e1ria com mais de 25 mil soldados. E uma das motiva\u00e7\u00f5es para o Brasil entrar em guerra foram exatamente o afundamento de diversos navios mercantes brasileiros, n\u00e3o s\u00f3 no Atl\u00e2ntico como na Mediterr\u00e2neo, vitimando militares e civis, entre os \u00faltimos, mulheres e crian\u00e7as\u201d, diz Heleno.<\/p>\n<p>O professor destaca que mais de trinta embarca\u00e7\u00f5es brasileiras foram abatidas durante o per\u00edodo. \u201cO primeiro ataque, ocorrido em 1941, foi ao navio Taubat\u00e9, que navegava pr\u00f3ximo ao Egito, e foi atingido por tiros vindos de aeronaves alem\u00e3es. No ano seguinte, em 1942, outros navios foram \u00e0 pique dentro da guerra submarina empreendida pelos alem\u00e3es no contexto maior da batalha do Atl\u00e2ntico. De 1942 a 1944 foram 33 navios afundados. O ultimo deles, em\u00a0 julho de 1944, foi exatamente o Vital de Oliveira\u201d, finaliza Heleno.<\/p>\n<p>O ecobat\u00edmetro permitiu a cria\u00e7\u00e3o de modelos tridimensionais do naufr\u00e1gio, enquanto o sonar gerou imagens detalhadas do casco. Ao todo, foram realizadas 32 linhas de sondagem e 9 linhas de varredura lateral, cobrindo uma extensa \u00e1rea ao redor do local.<\/p>\n<p>\u201cNaufr\u00e1gios e outras estruturas submersas s\u00e3o registros materiais da hist\u00f3ria mar\u00edtima do Brasil. Essas evid\u00eancias permitem compreender rotas comerciais, estrat\u00e9gias navais, avan\u00e7os tecnol\u00f3gicos e epis\u00f3dios como confrontos militares e desastres mar\u00edtimos. Em alguns casos, as embarca\u00e7\u00f5es naufragadas est\u00e3o associadas a per\u00edodos espec\u00edficos, como a Segunda Guerra Mundial, o que adiciona relev\u00e2ncia estrat\u00e9gica e diplom\u00e1tica ao seu estudo\u201d, detalha o Capit\u00e3o-Tenente Demilio, membro da expedi\u00e7\u00e3o.<\/p>\n<p>A localiza\u00e7\u00e3o do naufr\u00e1gio contou com a colabora\u00e7\u00e3o dos mergulhadores Jos\u00e9 Luiz e Everaldo Meriguete, ao atenderem o chamado de um pescador,\u00a0identificaram a presen\u00e7a de um canh\u00e3o no fundo do mar e avisaram a Marinha.<\/p>\n<p>A antiga embarca\u00e7\u00e3o foi o \u00fanico navio militar brasileiro a ser torpedeado por for\u00e7as inimigas durante a Segunda Guerra Mundial.<\/p>\n<p>Os pr\u00f3ximos passos da pesquisa incluem o processamento dos dados para criar modelos tridimensionais mais detalhados, o uso de mergulhos t\u00e9cnicos e ve\u00edculos subaqu\u00e1ticos operados remotamente para coletar fotos, v\u00eddeos e outros dados.<\/p>\n<p>Descoberta ser\u00e1 integrada ao projeto \u201cAtlas dos Naufr\u00e1gios de Interesse Hist\u00f3rico da Costa do Brasil\u201d, iniciativa da Marinha para catalogar\u00a0embarca\u00e7\u00f5es naufragadas no litoral.<\/p>\n<p>O Capit\u00e3o de Fragata Manoel Ant\u00f4nio Vital de Oliveira, Patrono da Hidrografia, morto durante a Guerra do Paraguai.<\/p>\n<p>Fonte: CNN<\/p>\n","protected":false},"excerpt":{"rendered":"<p>Ap\u00f3s 80 anos submerso, o navio \u2018Vital de Oliveira\u2019,\u00a0afundado por um submarino alem\u00e3o, durante a Segunda Guerra Mundial,\u00a0foi encontrado pela\u00a0Marinha, na costa brasileira. A embarca\u00e7\u00e3o&#8230;<\/p>\n","protected":false},"author":1527,"featured_media":56964,"comment_status":"closed","ping_status":"closed","sticky":false,"template":"","format":"standard","meta":{"footnotes":""},"categories":[6],"tags":[],"class_list":["post-56962","post","type-post","status-publish","format-standard","has-post-thumbnail","hentry","category-noticias"],"_links":{"self":[{"href":"https:\/\/www.sincomam.org.br\/index.php\/wp-json\/wp\/v2\/posts\/56962","targetHints":{"allow":["GET"]}}],"collection":[{"href":"https:\/\/www.sincomam.org.br\/index.php\/wp-json\/wp\/v2\/posts"}],"about":[{"href":"https:\/\/www.sincomam.org.br\/index.php\/wp-json\/wp\/v2\/types\/post"}],"author":[{"embeddable":true,"href":"https:\/\/www.sincomam.org.br\/index.php\/wp-json\/wp\/v2\/users\/1527"}],"replies":[{"embeddable":true,"href":"https:\/\/www.sincomam.org.br\/index.php\/wp-json\/wp\/v2\/comments?post=56962"}],"version-history":[{"count":1,"href":"https:\/\/www.sincomam.org.br\/index.php\/wp-json\/wp\/v2\/posts\/56962\/revisions"}],"predecessor-version":[{"id":56965,"href":"https:\/\/www.sincomam.org.br\/index.php\/wp-json\/wp\/v2\/posts\/56962\/revisions\/56965"}],"wp:featuredmedia":[{"embeddable":true,"href":"https:\/\/www.sincomam.org.br\/index.php\/wp-json\/wp\/v2\/media\/56964"}],"wp:attachment":[{"href":"https:\/\/www.sincomam.org.br\/index.php\/wp-json\/wp\/v2\/media?parent=56962"}],"wp:term":[{"taxonomy":"category","embeddable":true,"href":"https:\/\/www.sincomam.org.br\/index.php\/wp-json\/wp\/v2\/categories?post=56962"},{"taxonomy":"post_tag","embeddable":true,"href":"https:\/\/www.sincomam.org.br\/index.php\/wp-json\/wp\/v2\/tags?post=56962"}],"curies":[{"name":"wp","href":"https:\/\/api.w.org\/{rel}","templated":true}]}}