{"id":56878,"date":"2025-01-30T10:07:14","date_gmt":"2025-01-30T13:07:14","guid":{"rendered":"http:\/\/www.sincomam.org.br\/?p=56878"},"modified":"2025-01-30T10:07:14","modified_gmt":"2025-01-30T13:07:14","slug":"autoridades-portuarias-apresentam-planejamento-e-metas-para-2025","status":"publish","type":"post","link":"https:\/\/www.sincomam.org.br\/index.php\/autoridades-portuarias-apresentam-planejamento-e-metas-para-2025\/","title":{"rendered":"Autoridades portu\u00e1rias apresentam planejamento e metas para 2025"},"content":{"rendered":"<p>O ministro de portos e aeroportos (MPor), Silvio Costa Filho, e o secret\u00e1rio nacional de portos, Alex \u00c1vila, receberam, em janeiro, representantes das autoridades portu\u00e1rias para conhecer o planejamento para o ano de 2025. Segundo o ministro, a ideia \u00e9 estreitar o di\u00e1logo e aumentar a troca de informa\u00e7\u00f5es entre o governo e os portos. Nos encontros, representantes das companhias apresentaram o detalhamento da execu\u00e7\u00e3o de investimentos, resultados de 2024, proje\u00e7\u00f5es para o ano que se iniciou, a atual situa\u00e7\u00e3o financeira e os projetos para 2025.<\/p>\n<p>At\u00e9 o momento, j\u00e1 foram recebidos representantes da PortosRio (RJ), do Porto de Santos (APS\/SP), da Companhia das Docas do Estado da Bahia (Codeba), Companhia Docas Do Rio Grande do Norte (Codern) e representantes da Companhia de Docas de Alagoas, que acabou de ser criada a partir de uma divis\u00e3o com a Codern, e vai administrar o Porto de Macei\u00f3. Segundo previs\u00e3o do Minist\u00e9rio de Portos e Aeroportos, esses encontros devem ocorrer a cada tr\u00eas meses.<\/p>\n<p>De acordo com \u00c1vila, a conversa \u00e9 um pedido do ministro para que a pasta acompanhe de perto como ser\u00e1 feita a execu\u00e7\u00e3o do or\u00e7amento e identificar as a\u00e7\u00f5es que podem ser feitas para ajudar nos poss\u00edveis entraves enfrentados pelas autoridades. \u201cPrecisamos identificar as dificuldades para planejarmos a ajuda, acompanhar a execu\u00e7\u00e3o das obras e quando as metas propostas ser\u00e3o atingidas\u201d, afirmou o secret\u00e1rio de portos. J\u00e1 o secret\u00e1rio nacional de hidrovias e navega\u00e7\u00e3o, Dino Antunes Batista, acrescentou que esses encontros seguem diretriz do governo federal sobre acompanhar os investimentos e promover interven\u00e7\u00f5es em obras de impacto nacional. \u201cO minist\u00e9rio quer fazer essas obras sa\u00edrem do papel e chegarem \u00e0 popula\u00e7\u00e3o\u201d, frisou.<\/p>\n<p>Fonte: Minist\u00e9rio de Portos e Aeroportos<\/p>\n","protected":false},"excerpt":{"rendered":"<p>O ministro de portos e aeroportos (MPor), Silvio Costa Filho, e o secret\u00e1rio nacional de portos, Alex \u00c1vila, receberam, em janeiro, representantes das autoridades portu\u00e1rias&#8230;<\/p>\n","protected":false},"author":1527,"featured_media":56880,"comment_status":"closed","ping_status":"closed","sticky":false,"template":"","format":"standard","meta":{"footnotes":""},"categories":[6],"tags":[],"class_list":["post-56878","post","type-post","status-publish","format-standard","has-post-thumbnail","hentry","category-noticias"],"_links":{"self":[{"href":"https:\/\/www.sincomam.org.br\/index.php\/wp-json\/wp\/v2\/posts\/56878","targetHints":{"allow":["GET"]}}],"collection":[{"href":"https:\/\/www.sincomam.org.br\/index.php\/wp-json\/wp\/v2\/posts"}],"about":[{"href":"https:\/\/www.sincomam.org.br\/index.php\/wp-json\/wp\/v2\/types\/post"}],"author":[{"embeddable":true,"href":"https:\/\/www.sincomam.org.br\/index.php\/wp-json\/wp\/v2\/users\/1527"}],"replies":[{"embeddable":true,"href":"https:\/\/www.sincomam.org.br\/index.php\/wp-json\/wp\/v2\/comments?post=56878"}],"version-history":[{"count":1,"href":"https:\/\/www.sincomam.org.br\/index.php\/wp-json\/wp\/v2\/posts\/56878\/revisions"}],"predecessor-version":[{"id":56881,"href":"https:\/\/www.sincomam.org.br\/index.php\/wp-json\/wp\/v2\/posts\/56878\/revisions\/56881"}],"wp:featuredmedia":[{"embeddable":true,"href":"https:\/\/www.sincomam.org.br\/index.php\/wp-json\/wp\/v2\/media\/56880"}],"wp:attachment":[{"href":"https:\/\/www.sincomam.org.br\/index.php\/wp-json\/wp\/v2\/media?parent=56878"}],"wp:term":[{"taxonomy":"category","embeddable":true,"href":"https:\/\/www.sincomam.org.br\/index.php\/wp-json\/wp\/v2\/categories?post=56878"},{"taxonomy":"post_tag","embeddable":true,"href":"https:\/\/www.sincomam.org.br\/index.php\/wp-json\/wp\/v2\/tags?post=56878"}],"curies":[{"name":"wp","href":"https:\/\/api.w.org\/{rel}","templated":true}]}}