{"id":56866,"date":"2025-01-29T12:15:40","date_gmt":"2025-01-29T15:15:40","guid":{"rendered":"http:\/\/www.sincomam.org.br\/?p=56866"},"modified":"2025-01-29T12:15:40","modified_gmt":"2025-01-29T15:15:40","slug":"temperatura-dos-oceanos-em-2023-foi-a-mais-quente-da-historia-segundo-a-unesco","status":"publish","type":"post","link":"https:\/\/www.sincomam.org.br\/index.php\/temperatura-dos-oceanos-em-2023-foi-a-mais-quente-da-historia-segundo-a-unesco\/","title":{"rendered":"Temperatura dos oceanos em 2023 foi a mais quente da hist\u00f3ria segundo a Unesco"},"content":{"rendered":"<p>A Organiza\u00e7\u00e3o das Na\u00e7\u00f5es Unidas para a Educa\u00e7\u00e3o, a Ci\u00eancia e a Cultura (Unesco) divulgou, nesta segunda-feira (3), um relat\u00f3rio sobre as mudan\u00e7as nos oceanos do planeta.\u00a0Os dados indicam que 2023 foi o ano mais quente j\u00e1 registrado para as temperaturas oce\u00e2nicas.<\/p>\n<p>Embora as temperaturas dos oceanos tenham registrado um aumento m\u00e9dio de 1,45\u00b0C acima dos n\u00edveis pr\u00e9-industriais, permanecendo dentro das metas do Acordo de Paris de manter o aquecimento global abaixo de 2\u00b0C, em algumas regi\u00f5es, como o Mediterr\u00e2neo, o Oceano Atl\u00e2ntico Tropical e os Oceanos Austrais, esse aumento j\u00e1 ultrapassa os 2\u00b0C.<\/p>\n<p>A taxa de aquecimento dos mares duplicou nos \u00faltimos 20 anos. O n\u00edvel do mar aumentou 9 cm ao longo de 30 anos, e a taxa de subida tamb\u00e9m duplicou nesse per\u00edodo.<\/p>\n<p>Desde a d\u00e9cada de 1960, o oceano perdeu 2% do seu oxig\u00eanio. Outro tema preocupante \u00e9 a acidifica\u00e7\u00e3o dos mares, cuja acidez aumentou 30% desde os tempos pr\u00e9-industriais e pode atingir 170% at\u00e9 2100.<\/p>\n<p>A fauna e a flora marinhas sofrem impactos diretos, pois s\u00e3o fr\u00e1geis para sobreviver \u00e0s mudan\u00e7as de acidez que modificam o ambiente. Moluscos, por exemplo, podem desenvolver conchas mais finas e fr\u00e1geis, o que diminui o \u00edndice de reprodu\u00e7\u00e3o da esp\u00e9cie.<\/p>\n<p>Cerca de 36% da polui\u00e7\u00e3o qu\u00edmica chega aos oceanos atrav\u00e9s de rios e cursos de \u00e1gua. Nos oceanos Atl\u00e2ntico e \u00cdndico, a principal fonte de pl\u00e1stico s\u00e3o as artes de pesca abandonadas ou descartadas. No restante do mundo, incluindo as \u00e1guas profundas, s\u00e3o os pl\u00e1sticos de utiliza\u00e7\u00e3o \u00fanica.<\/p>\n<aside class=\"read-too read-too--with-img\">\n<h2>Cen\u00e1rio Brasileiro<\/h2>\n<p>Diante do aumento do n\u00edvel do mar e da crescente frequ\u00eancia de impactos nas cidades costeiras, \u00e9 essencial adaptar essas \u00e1reas para que sejam resilientes a esse novo cen\u00e1rio.<\/p>\n<p>Um passo crucial nesse processo \u00e9 garantir a conserva\u00e7\u00e3o das \u00e1reas naturais, como dunas, restingas, manguezais e todas as forma\u00e7\u00f5es vegetais, que atuam como defesas naturais contra o avan\u00e7o do mar, minimizando os impactos nas \u00e1reas urbanas.<\/p>\n<p>Com o conhecimento de que o n\u00edvel do mar est\u00e1 subindo a uma taxa elevada, tend\u00eancia que deve se acentuar devido ao aquecimento global, al\u00e9m da frequ\u00eancia de ressacas nas praias, o relat\u00f3rio aponta que \u00e9 recomendado evitar constru\u00e7\u00f5es e projetos imobili\u00e1rios nas \u00e1reas pr\u00f3ximas ao mar.<\/p>\n<p>A temperatura do oceano no Atl\u00e2ntico Sul e ao longo de toda a costa brasileira est\u00e1 cerca de 2\u00b0C acima da m\u00e9dia hist\u00f3rica. Esse aumento preocupa especialistas, uma vez que o oceano, cobrindo 70% do planeta, desempenha um papel crucial na regula\u00e7\u00e3o do clima global.<\/p>\n<p>Essa altera\u00e7\u00e3o na temperatura do oceano n\u00e3o s\u00f3 impacta o clima local, mas tamb\u00e9m tem repercuss\u00f5es globais, sublinhando a necessidade urgente de medidas para mitigar o aquecimento dos oceanos e proteger o equil\u00edbrio clim\u00e1tico.<\/p>\n<p>A UNESCO destaca que o aumento constante da temperatura oce\u00e2nica contribuiu para uma s\u00e9rie de cat\u00e1strofes clim\u00e1ticas no Brasil nos \u00faltimos anos, especialmente chuvas intensas em v\u00e1rias regi\u00f5es. Confira alguns exemplos;<\/p>\n<p>Sul da Bahia (dezembro de 2021), Petr\u00f3polis (RJ) (fevereiro de 2022), Recife (PE) (maio de 2022), litoral norte de S\u00e3o Paulo (fevereiro de 2023), Alagoas (julho de 2023), Angra dos Reis (dezembro de 2023) e Rio Grande do Sul (maio de 2024).<\/p>\n<p>Fonte: CNN<\/p>\n<\/aside>\n","protected":false},"excerpt":{"rendered":"<p>A Organiza\u00e7\u00e3o das Na\u00e7\u00f5es Unidas para a Educa\u00e7\u00e3o, a Ci\u00eancia e a Cultura (Unesco) divulgou, nesta segunda-feira (3), um relat\u00f3rio sobre as mudan\u00e7as nos oceanos&#8230;<\/p>\n","protected":false},"author":1527,"featured_media":56868,"comment_status":"closed","ping_status":"closed","sticky":false,"template":"","format":"standard","meta":{"footnotes":""},"categories":[6],"tags":[],"class_list":["post-56866","post","type-post","status-publish","format-standard","has-post-thumbnail","hentry","category-noticias"],"_links":{"self":[{"href":"https:\/\/www.sincomam.org.br\/index.php\/wp-json\/wp\/v2\/posts\/56866","targetHints":{"allow":["GET"]}}],"collection":[{"href":"https:\/\/www.sincomam.org.br\/index.php\/wp-json\/wp\/v2\/posts"}],"about":[{"href":"https:\/\/www.sincomam.org.br\/index.php\/wp-json\/wp\/v2\/types\/post"}],"author":[{"embeddable":true,"href":"https:\/\/www.sincomam.org.br\/index.php\/wp-json\/wp\/v2\/users\/1527"}],"replies":[{"embeddable":true,"href":"https:\/\/www.sincomam.org.br\/index.php\/wp-json\/wp\/v2\/comments?post=56866"}],"version-history":[{"count":1,"href":"https:\/\/www.sincomam.org.br\/index.php\/wp-json\/wp\/v2\/posts\/56866\/revisions"}],"predecessor-version":[{"id":56869,"href":"https:\/\/www.sincomam.org.br\/index.php\/wp-json\/wp\/v2\/posts\/56866\/revisions\/56869"}],"wp:featuredmedia":[{"embeddable":true,"href":"https:\/\/www.sincomam.org.br\/index.php\/wp-json\/wp\/v2\/media\/56868"}],"wp:attachment":[{"href":"https:\/\/www.sincomam.org.br\/index.php\/wp-json\/wp\/v2\/media?parent=56866"}],"wp:term":[{"taxonomy":"category","embeddable":true,"href":"https:\/\/www.sincomam.org.br\/index.php\/wp-json\/wp\/v2\/categories?post=56866"},{"taxonomy":"post_tag","embeddable":true,"href":"https:\/\/www.sincomam.org.br\/index.php\/wp-json\/wp\/v2\/tags?post=56866"}],"curies":[{"name":"wp","href":"https:\/\/api.w.org\/{rel}","templated":true}]}}