{"id":56845,"date":"2025-01-29T10:52:36","date_gmt":"2025-01-29T13:52:36","guid":{"rendered":"http:\/\/www.sincomam.org.br\/?p=56845"},"modified":"2025-01-29T10:52:36","modified_gmt":"2025-01-29T13:52:36","slug":"porto-do-rio-de-janeiro-volta-a-operar-descarga-de-sal-grosso-com-sucesso-em-acao-comercial-estrategica","status":"publish","type":"post","link":"https:\/\/www.sincomam.org.br\/index.php\/porto-do-rio-de-janeiro-volta-a-operar-descarga-de-sal-grosso-com-sucesso-em-acao-comercial-estrategica\/","title":{"rendered":"Porto do Rio de Janeiro volta a operar descarga de sal grosso com sucesso em a\u00e7\u00e3o comercial estrat\u00e9gica"},"content":{"rendered":"<div>Depois de um longo per\u00edodo sem receber opera\u00e7\u00f5es desse tipo, o Porto do Rio de Janeiro retomou a descarga de sal grosso, em uma opera\u00e7\u00e3o que teve como cliente a empresa Sal Cisne. O retorno dessa carga refor\u00e7a a competitividade crescente do Porto do Rio e destaca o trabalho comercial prospectivo conduzido pela equipe da PortosRio.<\/div>\n<div>A opera\u00e7\u00e3o ocorreu entre os dias 12 e 19 de janeiro de 2025, com o navio atracado no Cais da Gamboa, tendo o navio apresentando um calado operacional de 9,40 metros. Ao todo, foram desembarcadas 36.670 toneladas de sal, utilizando descarga direta e um carrossel log\u00edstico envolvendo 200 ve\u00edculos, que transportaram a carga do porto at\u00e9 a refinaria da empresa em Cabo Frio.<\/div>\n<div><\/div>\n<div><b>A\u00e7\u00f5es Comerciais e Competitividade<\/b><\/div>\n<div>O gerente de Desenvolvimento de Neg\u00f3cios, Eduardo Miguez, destacou a relev\u00e2ncia da opera\u00e7\u00e3o para a companhia: \u201cEsse retorno demonstra que o Porto do Rio de Janeiro est\u00e1 cada vez mais competitivo. Estamos fortalecendo nosso relacionamento com o mercado e provando que podemos atender opera\u00e7\u00f5es complexas com efici\u00eancia e agilidade.\u201d<\/div>\n<div>O superintendente de Planejamento e Desenvolvimento de Neg\u00f3cios, Felipe Fonseca, tamb\u00e9m celebrou o sucesso da opera\u00e7\u00e3o: \u201cFoi uma grande conquista para o Porto do Rio. Nosso trabalho cont\u00ednuo de prospec\u00e7\u00e3o e a busca por solu\u00e7\u00f5es que agreguem valor ao cliente est\u00e3o trazendo resultados concretos. O mercado j\u00e1 percebe a evolu\u00e7\u00e3o do Porto do Rio, e estamos confiantes de que novas cargas vir\u00e3o em breve.\u201d<\/div>\n<div><\/div>\n<div><b>Impacto e Perspectivas<\/b><\/div>\n<div>O sucesso do desembarque de sal refor\u00e7a a posi\u00e7\u00e3o estrat\u00e9gica do Porto do Rio no setor log\u00edstico do estado, contribuindo para a diversifica\u00e7\u00e3o das opera\u00e7\u00f5es e para o fortalecimento da economia local. A PortosRio segue empenhada em atrair novas cargas e ampliar sua base de clientes, consolidando-se como refer\u00eancia em efici\u00eancia e competitividade no mercado portu\u00e1rio.<\/div>\n<div>A PortosRio refor\u00e7a o compromisso em oferecer solu\u00e7\u00f5es log\u00edsticas de excel\u00eancia e desenvolver parcerias de longo prazo com clientes e operadores.<\/div>\n<div><\/div>\n<div>Fonte: PortosRio<\/div>\n","protected":false},"excerpt":{"rendered":"<p>Depois de um longo per\u00edodo sem receber opera\u00e7\u00f5es desse tipo, o Porto do Rio de Janeiro retomou a descarga de sal grosso, em uma opera\u00e7\u00e3o&#8230;<\/p>\n","protected":false},"author":1527,"featured_media":56847,"comment_status":"closed","ping_status":"closed","sticky":false,"template":"","format":"standard","meta":{"footnotes":""},"categories":[6],"tags":[],"class_list":["post-56845","post","type-post","status-publish","format-standard","has-post-thumbnail","hentry","category-noticias"],"_links":{"self":[{"href":"https:\/\/www.sincomam.org.br\/index.php\/wp-json\/wp\/v2\/posts\/56845","targetHints":{"allow":["GET"]}}],"collection":[{"href":"https:\/\/www.sincomam.org.br\/index.php\/wp-json\/wp\/v2\/posts"}],"about":[{"href":"https:\/\/www.sincomam.org.br\/index.php\/wp-json\/wp\/v2\/types\/post"}],"author":[{"embeddable":true,"href":"https:\/\/www.sincomam.org.br\/index.php\/wp-json\/wp\/v2\/users\/1527"}],"replies":[{"embeddable":true,"href":"https:\/\/www.sincomam.org.br\/index.php\/wp-json\/wp\/v2\/comments?post=56845"}],"version-history":[{"count":1,"href":"https:\/\/www.sincomam.org.br\/index.php\/wp-json\/wp\/v2\/posts\/56845\/revisions"}],"predecessor-version":[{"id":56848,"href":"https:\/\/www.sincomam.org.br\/index.php\/wp-json\/wp\/v2\/posts\/56845\/revisions\/56848"}],"wp:featuredmedia":[{"embeddable":true,"href":"https:\/\/www.sincomam.org.br\/index.php\/wp-json\/wp\/v2\/media\/56847"}],"wp:attachment":[{"href":"https:\/\/www.sincomam.org.br\/index.php\/wp-json\/wp\/v2\/media?parent=56845"}],"wp:term":[{"taxonomy":"category","embeddable":true,"href":"https:\/\/www.sincomam.org.br\/index.php\/wp-json\/wp\/v2\/categories?post=56845"},{"taxonomy":"post_tag","embeddable":true,"href":"https:\/\/www.sincomam.org.br\/index.php\/wp-json\/wp\/v2\/tags?post=56845"}],"curies":[{"name":"wp","href":"https:\/\/api.w.org\/{rel}","templated":true}]}}