{"id":56829,"date":"2025-01-28T09:42:44","date_gmt":"2025-01-28T12:42:44","guid":{"rendered":"http:\/\/www.sincomam.org.br\/?p=56829"},"modified":"2025-01-28T09:42:44","modified_gmt":"2025-01-28T12:42:44","slug":"pericias-do-inss-serao-reagendadas-por-causa-de-greve-dos-medicos","status":"publish","type":"post","link":"https:\/\/www.sincomam.org.br\/index.php\/pericias-do-inss-serao-reagendadas-por-causa-de-greve-dos-medicos\/","title":{"rendered":"Per\u00edcias do INSS ser\u00e3o reagendadas por causa de greve dos m\u00e9dicos"},"content":{"rendered":"<p>O\u00a0INSS\u00a0est\u00e1 mudando o dia de atendimento para exames de per\u00edcia m\u00e9dica. A nova data ser\u00e1 informada pela Central 135 ou pelo aplicativo Meu\u00a0INSS.<img decoding=\"async\" src=\"https:\/\/agenciabrasil.ebc.com.br\/ebc.png?id=1628093&amp;o=node\" \/><img decoding=\"async\" src=\"https:\/\/agenciabrasil.ebc.com.br\/ebc.gif?id=1628093&amp;o=node\" \/><\/p>\n<p>O reagendamento acontece devido \u00e0\u00a0greve\u00a0dos peritos. Desde setembro do ano passado, cerca de 10% dos m\u00e9dicos est\u00e3o com atendimento reduzido.<\/p>\n<p>A partir desta segunda-feira os profissionais ter\u00e3o os pontos cortados e as agendas suspensas durante a\u00a0greve. O Minist\u00e9rio da Previd\u00eancia Social informou que os m\u00e9dicos que j\u00e1 aderiram \u00e0\u00a0greve\u00a0ter\u00e3o as agendas suspensas integralmente e haver\u00e1 desconto integral dos sal\u00e1rios. J\u00e1 os profissionais em estado de\u00a0greve\u00a0ter\u00e3o as per\u00edcias automaticamente reagendadas para outro perito que esteja atendendo normalmente.<\/p>\n<p>A medida, segundo a Previd\u00eancia Social, foi adotada para proteger os segurados e garantir os atendimentos. Mas a Associa\u00e7\u00e3o Nacional dos Peritos M\u00e9dicos Federais considerou a determina\u00e7\u00e3o ilegal e com ind\u00edcios de crime. Ainda afirmou que o Departamento Jur\u00eddico estuda algum tipo de a\u00e7\u00e3o contra a decis\u00e3o.<\/p>\n<p>Fonte: Ag\u00eancia Brasil<\/p>\n","protected":false},"excerpt":{"rendered":"<p>O\u00a0INSS\u00a0est\u00e1 mudando o dia de atendimento para exames de per\u00edcia m\u00e9dica. A nova data ser\u00e1 informada pela Central 135 ou pelo aplicativo Meu\u00a0INSS. O reagendamento&#8230;<\/p>\n","protected":false},"author":1527,"featured_media":56831,"comment_status":"closed","ping_status":"closed","sticky":false,"template":"","format":"standard","meta":{"footnotes":""},"categories":[6],"tags":[],"class_list":["post-56829","post","type-post","status-publish","format-standard","has-post-thumbnail","hentry","category-noticias"],"_links":{"self":[{"href":"https:\/\/www.sincomam.org.br\/index.php\/wp-json\/wp\/v2\/posts\/56829","targetHints":{"allow":["GET"]}}],"collection":[{"href":"https:\/\/www.sincomam.org.br\/index.php\/wp-json\/wp\/v2\/posts"}],"about":[{"href":"https:\/\/www.sincomam.org.br\/index.php\/wp-json\/wp\/v2\/types\/post"}],"author":[{"embeddable":true,"href":"https:\/\/www.sincomam.org.br\/index.php\/wp-json\/wp\/v2\/users\/1527"}],"replies":[{"embeddable":true,"href":"https:\/\/www.sincomam.org.br\/index.php\/wp-json\/wp\/v2\/comments?post=56829"}],"version-history":[{"count":1,"href":"https:\/\/www.sincomam.org.br\/index.php\/wp-json\/wp\/v2\/posts\/56829\/revisions"}],"predecessor-version":[{"id":56832,"href":"https:\/\/www.sincomam.org.br\/index.php\/wp-json\/wp\/v2\/posts\/56829\/revisions\/56832"}],"wp:featuredmedia":[{"embeddable":true,"href":"https:\/\/www.sincomam.org.br\/index.php\/wp-json\/wp\/v2\/media\/56831"}],"wp:attachment":[{"href":"https:\/\/www.sincomam.org.br\/index.php\/wp-json\/wp\/v2\/media?parent=56829"}],"wp:term":[{"taxonomy":"category","embeddable":true,"href":"https:\/\/www.sincomam.org.br\/index.php\/wp-json\/wp\/v2\/categories?post=56829"},{"taxonomy":"post_tag","embeddable":true,"href":"https:\/\/www.sincomam.org.br\/index.php\/wp-json\/wp\/v2\/tags?post=56829"}],"curies":[{"name":"wp","href":"https:\/\/api.w.org\/{rel}","templated":true}]}}