{"id":56809,"date":"2025-01-27T11:45:51","date_gmt":"2025-01-27T14:45:51","guid":{"rendered":"http:\/\/www.sincomam.org.br\/?p=56809"},"modified":"2025-01-27T11:45:51","modified_gmt":"2025-01-27T14:45:51","slug":"inss-pericias-com-medicos-em-greve-serao-automaticamente-reagendadas","status":"publish","type":"post","link":"https:\/\/www.sincomam.org.br\/index.php\/inss-pericias-com-medicos-em-greve-serao-automaticamente-reagendadas\/","title":{"rendered":"INSS: per\u00edcias com m\u00e9dicos em greve ser\u00e3o automaticamente reagendadas"},"content":{"rendered":"<p>A partir desta segunda-feira (27), as per\u00edcias que est\u00e3o direcionadas a m\u00e9dicos em estado de greve ser\u00e3o automaticamente reagendadas pela Dataprev para outro perito que esteja atendendo normalmente.<img decoding=\"async\" src=\"https:\/\/agenciabrasil.ebc.com.br\/ebc.png?id=1628058&amp;o=node\" \/><img decoding=\"async\" src=\"https:\/\/agenciabrasil.ebc.com.br\/ebc.gif?id=1628058&amp;o=node\" \/><\/p>\n<p>\u201cOs m\u00e9dicos que aderiram \u00e0 greve ter\u00e3o as agendas suspensas integralmente e ser\u00e1 promovido o desconto integral dos sal\u00e1rios referentes ao per\u00edodo em que o participante continuar em greve\u201d, informou o Minist\u00e9rio da Previd\u00eancia Social.<\/p>\n<p>De acordo com a pasta, os segurados que precisam passar por per\u00edcia ser\u00e3o notificados sobre o dia e o hor\u00e1rio do novo agendamento por meio da Central 135 ou pelo aplicativo Meu INSS (mensagens autom\u00e1ticas).<\/p>\n<p>\u201cA medida administrativa visa proteger os requerentes e preservar o interesse p\u00fablico, assegurando a continuidade da presta\u00e7\u00e3o dos servi\u00e7os p\u00fablicos essenciais da Per\u00edcia M\u00e9dica Federal e a realiza\u00e7\u00e3o dos atendimentos dos requerentes da Previd\u00eancia Social.\u201d<\/p>\n<h2>Greve<\/h2>\n<p>Segundo o minist\u00e9rio, desde setembro de 2024, cerca de 10% dos peritos fazem greve parcial, atendendo n\u00famero reduzido de per\u00edcias.<\/p>\n<p>\u201cO modelo contraria o dever de comunica\u00e7\u00e3o pr\u00e9via nos casos de paralisa\u00e7\u00e3o de servi\u00e7os essenciais, conforme a Lei n.\u00ba 7.783, de 28 de junho de 1989, e impede que a administra\u00e7\u00e3o possa mitigar o dano ocasionado pela falta do perito m\u00e9dico e organizar os atendimentos, remarcando as per\u00edcias m\u00e9dicas que n\u00e3o ser\u00e3o realizadas.\u201d<\/p>\n<p>O motivo da greve, de acordo com a pasta, \u00e9 a inconformidade de associa\u00e7\u00e3o da categoria com ac\u00f3rd\u00e3o do Tribunal de Contas da Uni\u00e3o (TCU) que declarou ilegais\u00a0dispositivos do acordo de greve de 2022, que reduziu em 40% a produtividade dos peritos.<\/p>\n<p>\u201cSeguindo decis\u00e3o do TCU, o Minist\u00e9rio da Previd\u00eancia Social criou novo Programa de Gest\u00e3o e Desempenho para a categoria, o que resultou em aumento da produtividade. A ades\u00e3o ao novo PGD atingiu 90% dos peritos.\u201d<\/p>\n<p>Fonte: Ag\u00eancia Brasil<\/p>\n","protected":false},"excerpt":{"rendered":"<p>A partir desta segunda-feira (27), as per\u00edcias que est\u00e3o direcionadas a m\u00e9dicos em estado de greve ser\u00e3o automaticamente reagendadas pela Dataprev para outro perito que&#8230;<\/p>\n","protected":false},"author":1527,"featured_media":56811,"comment_status":"closed","ping_status":"closed","sticky":false,"template":"","format":"standard","meta":{"footnotes":""},"categories":[6],"tags":[],"class_list":["post-56809","post","type-post","status-publish","format-standard","has-post-thumbnail","hentry","category-noticias"],"_links":{"self":[{"href":"https:\/\/www.sincomam.org.br\/index.php\/wp-json\/wp\/v2\/posts\/56809","targetHints":{"allow":["GET"]}}],"collection":[{"href":"https:\/\/www.sincomam.org.br\/index.php\/wp-json\/wp\/v2\/posts"}],"about":[{"href":"https:\/\/www.sincomam.org.br\/index.php\/wp-json\/wp\/v2\/types\/post"}],"author":[{"embeddable":true,"href":"https:\/\/www.sincomam.org.br\/index.php\/wp-json\/wp\/v2\/users\/1527"}],"replies":[{"embeddable":true,"href":"https:\/\/www.sincomam.org.br\/index.php\/wp-json\/wp\/v2\/comments?post=56809"}],"version-history":[{"count":1,"href":"https:\/\/www.sincomam.org.br\/index.php\/wp-json\/wp\/v2\/posts\/56809\/revisions"}],"predecessor-version":[{"id":56812,"href":"https:\/\/www.sincomam.org.br\/index.php\/wp-json\/wp\/v2\/posts\/56809\/revisions\/56812"}],"wp:featuredmedia":[{"embeddable":true,"href":"https:\/\/www.sincomam.org.br\/index.php\/wp-json\/wp\/v2\/media\/56811"}],"wp:attachment":[{"href":"https:\/\/www.sincomam.org.br\/index.php\/wp-json\/wp\/v2\/media?parent=56809"}],"wp:term":[{"taxonomy":"category","embeddable":true,"href":"https:\/\/www.sincomam.org.br\/index.php\/wp-json\/wp\/v2\/categories?post=56809"},{"taxonomy":"post_tag","embeddable":true,"href":"https:\/\/www.sincomam.org.br\/index.php\/wp-json\/wp\/v2\/tags?post=56809"}],"curies":[{"name":"wp","href":"https:\/\/api.w.org\/{rel}","templated":true}]}}