{"id":56724,"date":"2025-01-22T14:10:38","date_gmt":"2025-01-22T17:10:38","guid":{"rendered":"http:\/\/www.sincomam.org.br\/?p=56724"},"modified":"2025-01-22T14:10:38","modified_gmt":"2025-01-22T17:10:38","slug":"companhia-docas-de-santana-recebe-visita-da-antaq","status":"publish","type":"post","link":"https:\/\/www.sincomam.org.br\/index.php\/companhia-docas-de-santana-recebe-visita-da-antaq\/","title":{"rendered":"Companhia Docas de Santana recebe visita da ANTAQ"},"content":{"rendered":"<p dir=\"ltr\">A Companhia Docas de Santana (CDSA) recebeu a visita do diretor-geral da Ag\u00eancia Nacional de Transportes Aquavi\u00e1rios (ANTAQ), Eduardo Nery, nesta sexta-feira (17).<\/p>\n<p dir=\"ltr\">Durante a visita t\u00e9cnica, Nery se reuniu com o diretor-presidente da autoridade portu\u00e1ria, Edival Cabral Tork, para debater os projetos de 2024 e para o ano de 2025.<\/p>\n<p dir=\"ltr\">Al\u00e9m disso, o diretor da Ag\u00eancia esteve nas instala\u00e7\u00f5es de apoio ao transporte aquavi\u00e1rio: Rampa de Santa In\u00eas e Rampa do A\u00e7a\u00ed. No primeiro, foram feitas melhorias de infraestrutura em 2024.<\/p>\n<p dir=\"ltr\">A Rampa de Santa In\u00eas estava com a infraestrutura prec\u00e1ria e, com a a\u00e7\u00e3o da ANTAQ, foram efetuados servi\u00e7os de melhorias como pavimenta\u00e7\u00e3o, instala\u00e7\u00e3o de um guich\u00ea, constru\u00e7\u00e3o de um banheiro com acessibilidade, entre outros reparos.<\/p>\n<p dir=\"ltr\">Ao longo de sexta-feira, aconteceram tamb\u00e9m encontros com representantes da Unidade Regional de Santana, do Departamento Nacional de Infraestrutura de Transportes (DNIT) e com o senador Randolfe Rodrigues.<\/p>\n<p dir=\"ltr\">Na ocasi\u00e3o, o diretor-geral ressaltou a import\u00e2ncia dessas visitas e os benef\u00edcios que os projetos de concess\u00e3o, que est\u00e3o em curso no Porto de Santana, v\u00e3o trazer para a regi\u00e3o.<\/p>\n<p dir=\"ltr\">Fonte: Antaq<\/p>\n","protected":false},"excerpt":{"rendered":"<p>A Companhia Docas de Santana (CDSA) recebeu a visita do diretor-geral da Ag\u00eancia Nacional de Transportes Aquavi\u00e1rios (ANTAQ), Eduardo Nery, nesta sexta-feira (17). Durante a&#8230;<\/p>\n","protected":false},"author":1527,"featured_media":56726,"comment_status":"closed","ping_status":"closed","sticky":false,"template":"","format":"standard","meta":{"footnotes":""},"categories":[6],"tags":[],"class_list":["post-56724","post","type-post","status-publish","format-standard","has-post-thumbnail","hentry","category-noticias"],"_links":{"self":[{"href":"https:\/\/www.sincomam.org.br\/index.php\/wp-json\/wp\/v2\/posts\/56724","targetHints":{"allow":["GET"]}}],"collection":[{"href":"https:\/\/www.sincomam.org.br\/index.php\/wp-json\/wp\/v2\/posts"}],"about":[{"href":"https:\/\/www.sincomam.org.br\/index.php\/wp-json\/wp\/v2\/types\/post"}],"author":[{"embeddable":true,"href":"https:\/\/www.sincomam.org.br\/index.php\/wp-json\/wp\/v2\/users\/1527"}],"replies":[{"embeddable":true,"href":"https:\/\/www.sincomam.org.br\/index.php\/wp-json\/wp\/v2\/comments?post=56724"}],"version-history":[{"count":1,"href":"https:\/\/www.sincomam.org.br\/index.php\/wp-json\/wp\/v2\/posts\/56724\/revisions"}],"predecessor-version":[{"id":56727,"href":"https:\/\/www.sincomam.org.br\/index.php\/wp-json\/wp\/v2\/posts\/56724\/revisions\/56727"}],"wp:featuredmedia":[{"embeddable":true,"href":"https:\/\/www.sincomam.org.br\/index.php\/wp-json\/wp\/v2\/media\/56726"}],"wp:attachment":[{"href":"https:\/\/www.sincomam.org.br\/index.php\/wp-json\/wp\/v2\/media?parent=56724"}],"wp:term":[{"taxonomy":"category","embeddable":true,"href":"https:\/\/www.sincomam.org.br\/index.php\/wp-json\/wp\/v2\/categories?post=56724"},{"taxonomy":"post_tag","embeddable":true,"href":"https:\/\/www.sincomam.org.br\/index.php\/wp-json\/wp\/v2\/tags?post=56724"}],"curies":[{"name":"wp","href":"https:\/\/api.w.org\/{rel}","templated":true}]}}